{"id":13256,"date":"2025-02-10T09:12:24","date_gmt":"2025-02-10T08:12:24","guid":{"rendered":"https:\/\/entretormentas.com\/?p=13256"},"modified":"2025-02-10T09:12:24","modified_gmt":"2025-02-10T08:12:24","slug":"maduro-el-fascismo-surge-cuando-no-se-rompe-con-el-viejo-estado-burgues","status":"publish","type":"post","link":"https:\/\/entretormentas.com\/maduro-el-fascismo-surge-cuando-no-se-rompe-con-el-viejo-estado-burgues\/","title":{"rendered":"MADURO: \u00abEl fascismo surge cuando no se rompe con el viejo Estado burgu\u00e9s\u00bb"},"content":{"rendered":"\n<p><strong>ENTRE TORMENTAS. <\/strong>El presidente Nicol\u00e1s Maduro asever\u00f3 que el fascismo surge en sociedades que no terminan de romper con el viejo Estado burgu\u00e9s.<\/p>\n\n\n\n<p>El jefe de Estado parafrase\u00f3 al fil\u00f3sofo italiano Antonio Gramsci y afirm\u00f3 que en las crisis revolucionarias sucede que no termina de morir la vieja clase pol\u00edtica y no termina de nacer lo nuevo.<\/p>\n\n\n\n<p>\u201cComo no se termina de transformar la humanidad en t\u00e9rminos generales, como no terminamos de cuajar en el surgimiento de un nuevo Estado que sea eficiente, eficaz y de car\u00e1cter popular (\u2026) entonces surgen los \u2018zombies\u2019 que vienen a enga\u00f1ar con proyectos antihumanos, nocivos en su peor forma de expresi\u00f3n que ya conocimos: el fascismo\u201d, puntualiz\u00f3 Maduro al liderar la activaci\u00f3n de la sala nacional del sistema de Gobierno Popular.<\/p>\n\n\n\n<p>Dijo que en Argentina ocurri\u00f3 el agotamiento de un proyecto nacional y popular; as\u00ed como el agotamiento de un gobierno que \u201cno dio ni un paso a favor del pueblo\u201d.<\/p>\n\n\n\n<p>\u201cAnte el agotamiento de la esperanza popular surgen los Mussolini, los Hitler y los Milei\u201d, asest\u00f3.<\/p>\n\n\n\n<p>El presidente venezolano asegur\u00f3 que Milei es un nazi que \u201cdisfruta del sufrimiento de los humildes, de los necesitados, de los adoloridos\u201d.<\/p>\n\n\n\n<p>En ese sentido, Maduro se\u00f1al\u00f3 a la oposici\u00f3n extremista del pa\u00eds como consecuencia del brote fascista en la regi\u00f3n, y esgrimi\u00f3 que ese sector pol\u00edtico \u201ces la peor expresi\u00f3n criminal del fascismo\u201d.<br><strong><em>ET \/ Ultimas Noticias<\/em><\/strong><\/p>\n","protected":false},"excerpt":{"rendered":"<p>ENTRE TORMENTAS. El presidente Nicol\u00e1s Maduro asever\u00f3 que el fascismo surge en sociedades que no&#8230;<\/p>\n","protected":false},"author":2,"featured_media":13257,"comment_status":"closed","ping_status":"open","sticky":false,"template":"","format":"standard","meta":{"footnotes":""},"categories":[56,49],"tags":[],"class_list":["post-13256","post","type-post","status-publish","format-standard","has-post-thumbnail","hentry","category-destacadas","category-nacionales"],"_links":{"self":[{"href":"https:\/\/entretormentas.com\/index.php?rest_route=\/wp\/v2\/posts\/13256","targetHints":{"allow":["GET"]}}],"collection":[{"href":"https:\/\/entretormentas.com\/index.php?rest_route=\/wp\/v2\/posts"}],"about":[{"href":"https:\/\/entretormentas.com\/index.php?rest_route=\/wp\/v2\/types\/post"}],"author":[{"embeddable":true,"href":"https:\/\/entretormentas.com\/index.php?rest_route=\/wp\/v2\/users\/2"}],"replies":[{"embeddable":true,"href":"https:\/\/entretormentas.com\/index.php?rest_route=%2Fwp%2Fv2%2Fcomments&post=13256"}],"version-history":[{"count":1,"href":"https:\/\/entretormentas.com\/index.php?rest_route=\/wp\/v2\/posts\/13256\/revisions"}],"predecessor-version":[{"id":13258,"href":"https:\/\/entretormentas.com\/index.php?rest_route=\/wp\/v2\/posts\/13256\/revisions\/13258"}],"wp:featuredmedia":[{"embeddable":true,"href":"https:\/\/entretormentas.com\/index.php?rest_route=\/wp\/v2\/media\/13257"}],"wp:attachment":[{"href":"https:\/\/entretormentas.com\/index.php?rest_route=%2Fwp%2Fv2%2Fmedia&parent=13256"}],"wp:term":[{"taxonomy":"category","embeddable":true,"href":"https:\/\/entretormentas.com\/index.php?rest_route=%2Fwp%2Fv2%2Fcategories&post=13256"},{"taxonomy":"post_tag","embeddable":true,"href":"https:\/\/entretormentas.com\/index.php?rest_route=%2Fwp%2Fv2%2Ftags&post=13256"}],"curies":[{"name":"wp","href":"https:\/\/api.w.org\/{rel}","templated":true}]}}