{"id":13280,"date":"2025-02-11T09:09:47","date_gmt":"2025-02-11T08:09:47","guid":{"rendered":"https:\/\/entretormentas.com\/?p=13280"},"modified":"2025-02-11T09:09:48","modified_gmt":"2025-02-11T08:09:48","slug":"en-la-exposicion-el-alma-wayuu-encuentro-con-el-artista-con-el-artista-alex-rincon","status":"publish","type":"post","link":"https:\/\/entretormentas.com\/en-la-exposicion-el-alma-wayuu-encuentro-con-el-artista-con-el-artista-alex-rincon\/","title":{"rendered":"\u00a1EN LA EXPOSICI\u00d3N \u00abEL ALMA WAYUU\u00bb! Encuentro con el artista con el artista Alex Rinc\u00f3n"},"content":{"rendered":"\n<p><strong>ENTRE TORMENTAS.<\/strong> Este viernes 14 de febrero de 2025, est\u00e1n cordialmente invitados a un encuentro con el artista zuliano Alex Rinc\u00f3n en la Sala Contempor\u00e1nea del Museo Hist\u00f3rico General Rafael Urdaneta.<\/p>\n\n\n\n<p>La actividad contar\u00e1 con la presencia del oralitor Luis Fuenmayor, autor de uno de los textos de la muestra, quien junto al artista compartir\u00e1 sus experiencias sobre la conceptualizaci\u00f3n de la exposici\u00f3n y su planteamiento en el espacio.<\/p>\n\n\n\n<p>Alex Rinc\u00f3n, como artista wayuu, ofrecer\u00e1 una perspectiva \u00fanica sobre su obra y su conexi\u00f3n con su herencia cultural. Su trabajo se centra en la rica herencia y legado familiar, utilizando pintura, objetos tridimensionales y medios digitales para transmitir la historia, costumbres y la importancia cultural de su pueblo a trav\u00e9s de obras que est\u00e1n impregnadas de sentimientos, formas y color.<\/p>\n\n\n\n<p>Los organizadores invitan a tener la oportunidad de conocer m\u00e1s sobre el arte y la cultura wayuu a trav\u00e9s de la visi\u00f3n de Alex Rinc\u00f3n.<\/p>\n\n\n\n<p><strong>COORDENADAS<\/strong><br>Lugar: Sala Contempor\u00e1nea, Museo Hist\u00f3rico General Rafael Urdaneta<br>Fecha: Viernes, 14 de febrero de 2025<br>Hora: 10:00 AM<br><strong><em>ET \/ Nota de Prensa<\/em><\/strong><\/p>\n\n\n\n<p><\/p>\n","protected":false},"excerpt":{"rendered":"<p>ENTRE TORMENTAS. Este viernes 14 de febrero de 2025, est\u00e1n cordialmente invitados a un encuentro&#8230;<\/p>\n","protected":false},"author":2,"featured_media":13281,"comment_status":"closed","ping_status":"open","sticky":false,"template":"","format":"standard","meta":{"footnotes":""},"categories":[57,1],"tags":[],"class_list":["post-13280","post","type-post","status-publish","format-standard","has-post-thumbnail","hentry","category-actualidad","category-regionales"],"_links":{"self":[{"href":"https:\/\/entretormentas.com\/index.php?rest_route=\/wp\/v2\/posts\/13280","targetHints":{"allow":["GET"]}}],"collection":[{"href":"https:\/\/entretormentas.com\/index.php?rest_route=\/wp\/v2\/posts"}],"about":[{"href":"https:\/\/entretormentas.com\/index.php?rest_route=\/wp\/v2\/types\/post"}],"author":[{"embeddable":true,"href":"https:\/\/entretormentas.com\/index.php?rest_route=\/wp\/v2\/users\/2"}],"replies":[{"embeddable":true,"href":"https:\/\/entretormentas.com\/index.php?rest_route=%2Fwp%2Fv2%2Fcomments&post=13280"}],"version-history":[{"count":1,"href":"https:\/\/entretormentas.com\/index.php?rest_route=\/wp\/v2\/posts\/13280\/revisions"}],"predecessor-version":[{"id":13282,"href":"https:\/\/entretormentas.com\/index.php?rest_route=\/wp\/v2\/posts\/13280\/revisions\/13282"}],"wp:featuredmedia":[{"embeddable":true,"href":"https:\/\/entretormentas.com\/index.php?rest_route=\/wp\/v2\/media\/13281"}],"wp:attachment":[{"href":"https:\/\/entretormentas.com\/index.php?rest_route=%2Fwp%2Fv2%2Fmedia&parent=13280"}],"wp:term":[{"taxonomy":"category","embeddable":true,"href":"https:\/\/entretormentas.com\/index.php?rest_route=%2Fwp%2Fv2%2Fcategories&post=13280"},{"taxonomy":"post_tag","embeddable":true,"href":"https:\/\/entretormentas.com\/index.php?rest_route=%2Fwp%2Fv2%2Ftags&post=13280"}],"curies":[{"name":"wp","href":"https:\/\/api.w.org\/{rel}","templated":true}]}}