{"id":13283,"date":"2025-02-11T09:13:21","date_gmt":"2025-02-11T08:13:21","guid":{"rendered":"https:\/\/entretormentas.com\/?p=13283"},"modified":"2025-02-11T09:13:22","modified_gmt":"2025-02-11T08:13:22","slug":"cumpliendo-alcaldia-de-san-francisco-continua-trabajos-de-mejoramiento-vial-este-2025","status":"publish","type":"post","link":"https:\/\/entretormentas.com\/cumpliendo-alcaldia-de-san-francisco-continua-trabajos-de-mejoramiento-vial-este-2025\/","title":{"rendered":"\u00a1CUMPLIENDO! Alcald\u00eda de San Francisco contin\u00faa trabajos de mejoramiento vial este 2025"},"content":{"rendered":"\n<p><strong>ENTRE TORMENTAS.<\/strong> En la gesti\u00f3n del alcalde Gustavo Fern\u00e1ndez, la gerencia de Infraestructura, ha ejecutado obras y proyectos que han contribuido no s\u00f3lo con el bienestar de los ciudadanos, sino tambi\u00e9n, con la prevenci\u00f3n, modernizaci\u00f3n y seguridad vial del municipio.<\/p>\n\n\n\n<p>Como parte del Plan de Reasfaltado y Bacheo San Francisco 2025, Jos\u00e9 Luis Ram\u00edrez, gerente de infraestructura resalt\u00f3 que un multidisciplinario equipo de profesionales se mantiene activos con la colocaci\u00f3n de asfalto caliente tipo II en lo que va de a\u00f1o en las distintas v\u00edas del municipio.<\/p>\n\n\n\n<p>Inform\u00f3 Ram\u00edrez que, desde finales del mes de enero, se retomaron los trabajos de mejoramiento vial (bacheo) en la avenida 5 de San Francisco, calle 158 con avenida 40 (Urbanizaci\u00f3n San Francisco) calle 171 (Urbanizaci\u00f3n La Coromoto), calles 161 y 162, avenida 10, Palacio de Combate y la calle 18 del sector Sierra Maestra, en la parroquia Francisco Ochoa, entre otras.<\/p>\n\n\n\n<figure class=\"wp-block-image size-large\"><img fetchpriority=\"high\" decoding=\"async\" width=\"1024\" height=\"576\" src=\"https:\/\/entretormentas.com\/wp-content\/uploads\/2025\/02\/image-121-1024x576.png\" alt=\"\" class=\"wp-image-13285\" srcset=\"https:\/\/entretormentas.com\/wp-content\/uploads\/2025\/02\/image-121-1024x576.png 1024w, https:\/\/entretormentas.com\/wp-content\/uploads\/2025\/02\/image-121-300x169.png 300w, https:\/\/entretormentas.com\/wp-content\/uploads\/2025\/02\/image-121-768x432.png 768w, https:\/\/entretormentas.com\/wp-content\/uploads\/2025\/02\/image-121.png 1080w\" sizes=\"(max-width: 1024px) 100vw, 1024px\" \/><\/figure>\n\n\n\n<p>Los residentes de las zonas recuperadas vieron con benepl\u00e1cito las labores desarrolladas, que favorecen considerablemente la vialidad del municipio, garantizando seguridad y mejor movilidad para el transporte p\u00fablico, conductores particulares y comunidad en general.<\/p>\n\n\n\n<p>El alcalde Gustavo Fern\u00e1ndez, con sentido de pertenencia y un compromiso inquebrantable, mantiene su disposici\u00f3n de seguir trabajando durante el 2025 de la mano con las comunidades, hasta lograr convertir a San Francisco, en el municipio modelo, referencia en gesti\u00f3n municipal a nivel nacional.<\/p>\n\n\n\n<p>Este plan de mejoramiento vial tambi\u00e9n incluye demarcaci\u00f3n y pintura de brocales con la finalidad de velar por la seguridad vial de San Francisco.<\/p>\n\n\n\n<p>En los pr\u00f3ximos d\u00edas se tiene estipulado dar inicio al plan de bacheo y demarcaci\u00f3n en la v\u00eda que conduce a Ciudadela Rafael Caldera (Fundabarrio), de la parroquia Jos\u00e9 Domingo Rus, conocida como La Charrasca.<br><strong><em>ET \/ Alcald\u00eda de San Francisco<\/em><\/strong><\/p>\n\n\n\n<p><\/p>\n","protected":false},"excerpt":{"rendered":"<p>ENTRE TORMENTAS. En la gesti\u00f3n del alcalde Gustavo Fern\u00e1ndez, la gerencia de Infraestructura, ha ejecutado&#8230;<\/p>\n","protected":false},"author":2,"featured_media":13284,"comment_status":"closed","ping_status":"open","sticky":false,"template":"","format":"standard","meta":{"footnotes":""},"categories":[57,1],"tags":[],"class_list":["post-13283","post","type-post","status-publish","format-standard","has-post-thumbnail","hentry","category-actualidad","category-regionales"],"_links":{"self":[{"href":"https:\/\/entretormentas.com\/index.php?rest_route=\/wp\/v2\/posts\/13283","targetHints":{"allow":["GET"]}}],"collection":[{"href":"https:\/\/entretormentas.com\/index.php?rest_route=\/wp\/v2\/posts"}],"about":[{"href":"https:\/\/entretormentas.com\/index.php?rest_route=\/wp\/v2\/types\/post"}],"author":[{"embeddable":true,"href":"https:\/\/entretormentas.com\/index.php?rest_route=\/wp\/v2\/users\/2"}],"replies":[{"embeddable":true,"href":"https:\/\/entretormentas.com\/index.php?rest_route=%2Fwp%2Fv2%2Fcomments&post=13283"}],"version-history":[{"count":1,"href":"https:\/\/entretormentas.com\/index.php?rest_route=\/wp\/v2\/posts\/13283\/revisions"}],"predecessor-version":[{"id":13286,"href":"https:\/\/entretormentas.com\/index.php?rest_route=\/wp\/v2\/posts\/13283\/revisions\/13286"}],"wp:featuredmedia":[{"embeddable":true,"href":"https:\/\/entretormentas.com\/index.php?rest_route=\/wp\/v2\/media\/13284"}],"wp:attachment":[{"href":"https:\/\/entretormentas.com\/index.php?rest_route=%2Fwp%2Fv2%2Fmedia&parent=13283"}],"wp:term":[{"taxonomy":"category","embeddable":true,"href":"https:\/\/entretormentas.com\/index.php?rest_route=%2Fwp%2Fv2%2Fcategories&post=13283"},{"taxonomy":"post_tag","embeddable":true,"href":"https:\/\/entretormentas.com\/index.php?rest_route=%2Fwp%2Fv2%2Ftags&post=13283"}],"curies":[{"name":"wp","href":"https:\/\/api.w.org\/{rel}","templated":true}]}}