{"id":13292,"date":"2025-02-11T09:19:18","date_gmt":"2025-02-11T08:19:18","guid":{"rendered":"https:\/\/entretormentas.com\/?p=13292"},"modified":"2025-02-11T09:19:18","modified_gmt":"2025-02-11T08:19:18","slug":"felipe-mujica-continua-la-incertidumbre-sobre-las-organizaciones-politicas-que-participaran-el-27-a","status":"publish","type":"post","link":"https:\/\/entretormentas.com\/felipe-mujica-continua-la-incertidumbre-sobre-las-organizaciones-politicas-que-participaran-el-27-a\/","title":{"rendered":"FELIPE MUJICA: \u00abContin\u00faa la incertidumbre sobre las organizaciones pol\u00edticas que participar\u00e1n el 27-A\u00bb"},"content":{"rendered":"\n<p><strong>ENTRE TORMENTAS. <\/strong>El secretario general nacional del MAS, Felipe Mujica, se\u00f1al\u00f3 que el cronograma electoral para los comicios del 27 de abril es verdaderamente complejo porque las actividades que deben acometerse est\u00e1n muy apretadas en el tiempo.<\/p>\n\n\n\n<p>\u201cSe aproxima la ejecuci\u00f3n de las distintas fases del cronograma y muchas no terminan de resolverse, como las tarjetas electorales de los partidos pol\u00edticos que van a participar\u00bb.<\/p>\n\n\n\n<p>Advirti\u00f3 tambi\u00e9n que el Consejo Nacional Electoral no ha tomado una decisi\u00f3n definitiva sobre las tarjetas de las organizaciones pol\u00edticas que est\u00e1n legalizadas.<\/p>\n\n\n\n<p>\u00abTampoco sabemos cu\u00e1ntas denominaciones provisionales de partidos pol\u00edticos fueron solicitadas y cu\u00e1ntas fueron apobadas\u00bb.<\/p>\n\n\n\n<p>Mujica inst\u00f3 a la directiva del CNE a pronunciarse de inmediato sobre las oganizaciones con fines pol\u00edticos que estar\u00e1n en condiciones de participar en la jornada electoral del 27 de abril, en virtud de que se est\u00e1 a pocos d\u00edas del proceso de postulaciones.<\/p>\n\n\n\n<p>Record\u00f3 que hace tres semanas, la tolda naranja present\u00f3 una solicitud ante el Poder Electoral para conocer el estatus legal de la tarjeta del MAS, partido que no pudo postular para la elecci\u00f3n presidencial del 28 de julio, sin explicaci\u00f3n alguna.<\/p>\n\n\n\n<p>\u00abDesde el punto de vista institucional, democr\u00e1tico y plural, el CNE est\u00e1 en la obligaci\u00f3n de dar respuesta a las diversas solicitudes. Hay una cantidad importante de organizaciones pol\u00edticas, incluida el MAS, que est\u00e1n en plena discusi\u00f3n y debate sobre los procesos electorales que se avecinan\u00bb.<\/p>\n\n\n\n<p>El dirigente pol\u00edtico resalt\u00f3 la importancia de dar respuesta a todas estas interrogantes como parte de los<br>mecanismos democr\u00e1ticos, constitucionales e institucionales para que todos electores manifiesten su voluntad de manera pac\u00edfica con su voto.<\/p>\n\n\n\n<p>En caso de que la decisi\u00f3n del MAS sea participar, Mujica espera que la oposici\u00f3n presente candidaturas \u00fanicas para el 27 de abril y pueda repetirse la experiencia de la pasada elecci\u00f3n presidencial, donde los ciudadanos votaron por otra opci\u00f3n con tal de derrotar al gobierno.<\/p>\n\n\n\n<p>\u00abEl peor de los caminos es la abstenci\u00f3n porque no ha arrojado ning\u00fan resultado positivo. El pa\u00eds se sentir\u00e1 convocado, si hay una posibilidad real de que la oposici\u00f3n, independientemente de qui\u00e9nes sean los candidatos, puedan derrotar al gobierno en la Asamblea Nacional, las gobernaciones y los consejos legislativos\u00bb.<\/p>\n\n\n\n<p>Sin embargo, Mujica destac\u00f3 que el MAS contin\u00faa consultando y debatiendo para tomar una decisi\u00f3n definita con respecto a la participaci\u00f3n electoral.<\/p>\n\n\n\n<p>Sobre la pol\u00edtica migratoria puesta en marcha por el gobierno de Donald Trump, el secretario general del MAS alert\u00f3 que est\u00e1n comprometidas seriamente las condiciones de vida y permanencia de los venezolanos en los Estados Unidos.<\/p>\n\n\n\n<p>\u201cEstamos en desacuerdo con el manejo que le dado el presidente de los Estados Unidos a este asunto y aspiramos una pronta soluci\u00f3n que alivie el terrible drama que viven los venezolanos\u00bb finaliz\u00f3.<br><strong><em>ET \/ Prensa MAS<\/em><\/strong><\/p>\n","protected":false},"excerpt":{"rendered":"<p>ENTRE TORMENTAS. El secretario general nacional del MAS, Felipe Mujica, se\u00f1al\u00f3 que el cronograma electoral&#8230;<\/p>\n","protected":false},"author":2,"featured_media":13293,"comment_status":"closed","ping_status":"open","sticky":false,"template":"","format":"standard","meta":{"footnotes":""},"categories":[56,49],"tags":[],"class_list":["post-13292","post","type-post","status-publish","format-standard","has-post-thumbnail","hentry","category-destacadas","category-nacionales"],"_links":{"self":[{"href":"https:\/\/entretormentas.com\/index.php?rest_route=\/wp\/v2\/posts\/13292","targetHints":{"allow":["GET"]}}],"collection":[{"href":"https:\/\/entretormentas.com\/index.php?rest_route=\/wp\/v2\/posts"}],"about":[{"href":"https:\/\/entretormentas.com\/index.php?rest_route=\/wp\/v2\/types\/post"}],"author":[{"embeddable":true,"href":"https:\/\/entretormentas.com\/index.php?rest_route=\/wp\/v2\/users\/2"}],"replies":[{"embeddable":true,"href":"https:\/\/entretormentas.com\/index.php?rest_route=%2Fwp%2Fv2%2Fcomments&post=13292"}],"version-history":[{"count":1,"href":"https:\/\/entretormentas.com\/index.php?rest_route=\/wp\/v2\/posts\/13292\/revisions"}],"predecessor-version":[{"id":13294,"href":"https:\/\/entretormentas.com\/index.php?rest_route=\/wp\/v2\/posts\/13292\/revisions\/13294"}],"wp:featuredmedia":[{"embeddable":true,"href":"https:\/\/entretormentas.com\/index.php?rest_route=\/wp\/v2\/media\/13293"}],"wp:attachment":[{"href":"https:\/\/entretormentas.com\/index.php?rest_route=%2Fwp%2Fv2%2Fmedia&parent=13292"}],"wp:term":[{"taxonomy":"category","embeddable":true,"href":"https:\/\/entretormentas.com\/index.php?rest_route=%2Fwp%2Fv2%2Fcategories&post=13292"},{"taxonomy":"post_tag","embeddable":true,"href":"https:\/\/entretormentas.com\/index.php?rest_route=%2Fwp%2Fv2%2Ftags&post=13292"}],"curies":[{"name":"wp","href":"https:\/\/api.w.org\/{rel}","templated":true}]}}