{"id":13304,"date":"2025-02-11T09:30:29","date_gmt":"2025-02-11T08:30:29","guid":{"rendered":"https:\/\/entretormentas.com\/?p=13304"},"modified":"2025-02-11T09:30:30","modified_gmt":"2025-02-11T08:30:30","slug":"en-medio-de-ola-de-deportaciones-corte-bloquea-temporalmente-envio-de-tres-venezolanos-a-guantanamo","status":"publish","type":"post","link":"https:\/\/entretormentas.com\/en-medio-de-ola-de-deportaciones-corte-bloquea-temporalmente-envio-de-tres-venezolanos-a-guantanamo\/","title":{"rendered":"\u00a1EN MEDIO DE OLA DE DEPORTACIONES! Corte bloquea temporalmente env\u00edo de tres venezolanos a Guant\u00e1namo"},"content":{"rendered":"\n<p><strong>ENTRE TORMENTAS.<\/strong> Una corte federal bloque\u00f3 este domingo al Gobierno del republicano Donald Trump el env\u00edo de tres inmigrantes venezolanos detenidos en Nuevo M\u00e9xico a la base naval de Guant\u00e1namo, en Cuba, como parte del plan de deportaciones masivas del presidente.<\/p>\n\n\n\n<p>Los abogados de los hombres hab\u00edan indicado al juez que \u201cencajan en el perfil de aquellos que la Administraci\u00f3n ha priorizado para la detenci\u00f3n en Guant\u00e1namo, es decir, hombres venezolanos detenidos en el \u00e1rea de El Paso con cargos (falsos) de conexiones con la pandilla criminal del Tren de Aragua\u201d.<\/p>\n\n\n\n<p>Los abogados pidieron a la corte de distrito en Nuevo M\u00e9xico una orden de restricci\u00f3n temporal que bloqueara su traslado, a\u00f1adiendo que \u201cla mera incertidumbre que el Gobierno ha creado en torno a la disponibilidad de un proceso legal y el acceso a asistencia legaal es suficiente para autorizar la modesta orden judicial\u201d.<\/p>\n\n\n\n<p>Durante una breve audiencia, el juez, Kenneth J. Gonzales, concedi\u00f3 la orden temporal, a la que se opuso el Gobierno, seg\u00fan inform\u00f3 la abogada Jessica Vosburgh. \u201cEs a corto plazo, ser\u00e1 revisada y desarrollada en las pr\u00f3ximas semanas\u201d, dijo la abogada de los migrantes a la agencia de noticias The Associated Press.<\/p>\n\n\n\n<p>La orden afecta a una demanda en nombre presentada por el Centro de Derechos Constitucionales, la Uni\u00f3n Americana de Libertades Civiles de Nuevo M\u00e9xico, y la organizaci\u00f3n Las Am\u00e9ricas Immigrant Advisory Center.<\/p>\n\n\n\n<p>La banda Tren de Aragua se origin\u00f3 en una prisi\u00f3n sin ley en el estado del que tom\u00f3 su nombre en el centro de Venezuela hace m\u00e1s de una d\u00e9cada, y se ha expandido en los \u00faltimos a\u00f1os a medida que millones de venezolanos desesperados hu\u00edan del r\u00e9gimen de Nicol\u00e1s Maduro y emigraban a otras partes de Am\u00e9rica Latina o a EE.UU.<\/p>\n\n\n\n<p>La secretaria de Seguridad Nacional, Kristi Noem, inform\u00f3 la semana pasada sobre el inicio de los vuelos de migrantes detenidos a Guant\u00e1namo. Grupos de derechos de los inmigrantes mandaron una carta el viernes exigiendo acceso a las personas que han sido enviadas all\u00ed, se\u00f1alando que la base no debe ser utilizada como un \u201cagujero negro legal\u201d.<\/p>\n\n\n\n<p>La secretaria de prensa de la Casa Blanca, Karoline Leavitt, dijo el mi\u00e9rcoles que m\u00e1s de 8,000 personas han sido detenidas en redadas migratorias desde la investidura de Trump el 20 de enero.<\/p>\n\n\n\n<p>El presidente ha prometido deportar a millones de los 11.7 millones de personas que se calcula que viven de manera ilegal en el pa\u00eds.<br><strong><em>ET \/ Agencias<\/em><\/strong><\/p>\n","protected":false},"excerpt":{"rendered":"<p>ENTRE TORMENTAS. Una corte federal bloque\u00f3 este domingo al Gobierno del republicano Donald Trump el&#8230;<\/p>\n","protected":false},"author":2,"featured_media":13305,"comment_status":"closed","ping_status":"open","sticky":false,"template":"","format":"standard","meta":{"footnotes":""},"categories":[56,48],"tags":[],"class_list":["post-13304","post","type-post","status-publish","format-standard","has-post-thumbnail","hentry","category-destacadas","category-internacionales"],"_links":{"self":[{"href":"https:\/\/entretormentas.com\/index.php?rest_route=\/wp\/v2\/posts\/13304","targetHints":{"allow":["GET"]}}],"collection":[{"href":"https:\/\/entretormentas.com\/index.php?rest_route=\/wp\/v2\/posts"}],"about":[{"href":"https:\/\/entretormentas.com\/index.php?rest_route=\/wp\/v2\/types\/post"}],"author":[{"embeddable":true,"href":"https:\/\/entretormentas.com\/index.php?rest_route=\/wp\/v2\/users\/2"}],"replies":[{"embeddable":true,"href":"https:\/\/entretormentas.com\/index.php?rest_route=%2Fwp%2Fv2%2Fcomments&post=13304"}],"version-history":[{"count":1,"href":"https:\/\/entretormentas.com\/index.php?rest_route=\/wp\/v2\/posts\/13304\/revisions"}],"predecessor-version":[{"id":13306,"href":"https:\/\/entretormentas.com\/index.php?rest_route=\/wp\/v2\/posts\/13304\/revisions\/13306"}],"wp:featuredmedia":[{"embeddable":true,"href":"https:\/\/entretormentas.com\/index.php?rest_route=\/wp\/v2\/media\/13305"}],"wp:attachment":[{"href":"https:\/\/entretormentas.com\/index.php?rest_route=%2Fwp%2Fv2%2Fmedia&parent=13304"}],"wp:term":[{"taxonomy":"category","embeddable":true,"href":"https:\/\/entretormentas.com\/index.php?rest_route=%2Fwp%2Fv2%2Fcategories&post=13304"},{"taxonomy":"post_tag","embeddable":true,"href":"https:\/\/entretormentas.com\/index.php?rest_route=%2Fwp%2Fv2%2Ftags&post=13304"}],"curies":[{"name":"wp","href":"https:\/\/api.w.org\/{rel}","templated":true}]}}