{"id":13310,"date":"2025-02-11T09:41:18","date_gmt":"2025-02-11T08:41:18","guid":{"rendered":"https:\/\/entretormentas.com\/?p=13310"},"modified":"2025-02-11T09:41:19","modified_gmt":"2025-02-11T08:41:19","slug":"anuncio-la-recoleccion-de-basura-tres-veces-por-semana-alcalde-e-de-maracaibo-adrian-romero-afirmo-que-votara-el-proximo-27-abr","status":"publish","type":"post","link":"https:\/\/entretormentas.com\/anuncio-la-recoleccion-de-basura-tres-veces-por-semana-alcalde-e-de-maracaibo-adrian-romero-afirmo-que-votara-el-proximo-27-abr\/","title":{"rendered":"\u00a1ANUNCI\u00d3 LA RECOLECCI\u00d3N DE BASURA TRES VECES POR SEMANA! Alcalde (E) de Maracaibo, Adri\u00e1n Romero, afirm\u00f3 que votar\u00e1 el pr\u00f3ximo 27-Abr"},"content":{"rendered":"\n<p><strong>ENTRE TORMENTAS.<\/strong> En rueda de prensa efectuada este lunes 10 de febrero, el Alcalde (E) de Maracaibo, Adri\u00e1n Romero, afirm\u00f3 que participar\u00e1 en las elecciones regionales del pr\u00f3ximo 27 de abril y le brindar\u00e1 su apoyo al mandatario regional, Manuel Rosales, para su reelecci\u00f3n.<\/p>\n\n\n\n<p>\u00abLos espacios conquistados no los podemos entregar, ni se puede dejar la lucha democr\u00e1tica\u00bb, aclarando que se trata de una posici\u00f3n personal, con lo cual se desmarca de la postura que ha asumido su tolda pol\u00edtica Primero Justicia.<\/p>\n\n\n\n\n\n<p><strong>RECOLECCI\u00d3N DOMICILIARIA 3X3 DESPU\u00c9S DE M\u00c1S DE 15 A\u00d1OS<\/strong><br>Estas declaraciones las ofreci\u00f3 Romero durante su rueda de prensa semanal, en la cual anunci\u00f3 que desde el pr\u00f3ximo 24 de febrero de 2025, todas las parroquias de Maracaibo, pasan al esquema de recolecci\u00f3n domiciliaria de desechos s\u00f3lidos de 3&#215;3, cubriendo la totalidad del municipio tres veces a la semana.<\/p>\n\n\n\n<p>\u00abEsto se suma a la atenci\u00f3n continua de los hospitales, corredores viales y comerciales\u201d, precis\u00f3 Romero Mart\u00ednez, al tiempo que se\u00f1al\u00f3 que los cambios representan un paso importante luego de que en el mes de enero de 2025 se logr\u00f3 llevar la efectividad del cronograma de recolecci\u00f3n a casi el 100 por ciento en casi todas las parroquias.<\/p>\n\n\n\n<p>Detall\u00f3 que las labores del Instituto Municipal de Aseo Urbano de Maracaibo (IMAU) se concentrar\u00e1n de lunes a viernes en el horario diurno y vespertino, mientras que las jornadas nocturnas se quedar\u00e1n exclusivamente para la atenci\u00f3n de los corredores viales. \u201cEs cuesti\u00f3n de log\u00edstica. Vimos que cuando empezamos muy temprano, a las 6.00 de la tarde el trabajo est\u00e1 completo. Mientras que, en los corredores, nos funciona m\u00e1s el horario nocturno porque baja la circulaci\u00f3n. Todo lo que hacemos busca optimizar recursos, maquinarias y mejorar resultados, porque Maracaibo se merece un servicio de aseo urbano como no lo ha tenido desde hace m\u00e1s de 15 a\u00f1os\u201d.<\/p>\n\n\n\n<figure class=\"wp-block-image size-large\"><img fetchpriority=\"high\" decoding=\"async\" width=\"1024\" height=\"328\" src=\"https:\/\/entretormentas.com\/wp-content\/uploads\/2025\/02\/image-132-1024x328.png\" alt=\"\" class=\"wp-image-13312\" srcset=\"https:\/\/entretormentas.com\/wp-content\/uploads\/2025\/02\/image-132-1024x328.png 1024w, https:\/\/entretormentas.com\/wp-content\/uploads\/2025\/02\/image-132-300x96.png 300w, https:\/\/entretormentas.com\/wp-content\/uploads\/2025\/02\/image-132-768x246.png 768w, https:\/\/entretormentas.com\/wp-content\/uploads\/2025\/02\/image-132-1536x491.png 1536w, https:\/\/entretormentas.com\/wp-content\/uploads\/2025\/02\/image-132-2048x655.png 2048w\" sizes=\"(max-width: 1024px) 100vw, 1024px\" \/><\/figure>\n\n\n\n<p><strong>EL ESQUEMA 3X3 QUED\u00d3 AS\u00cd:<br>Lunes, mi\u00e9rcoles y viernes<\/strong><\/p>\n\n\n\n<ol class=\"wp-block-list\">\n<li>Juana de \u00c1vila<\/li>\n\n\n\n<li>Luis hurtado higuera<\/li>\n\n\n\n<li>Francisco Eugenio Bustamante<\/li>\n\n\n\n<li>Olegario Villalobos<\/li>\n\n\n\n<li>Cristo de Aranza<\/li>\n\n\n\n<li>San Isidro<\/li>\n\n\n\n<li>Venancio Pulgar<\/li>\n\n\n\n<li>Manuel Dagnino<\/li>\n<\/ol>\n\n\n\n<p><strong>Martes, jueves y s\u00e1bados<\/strong><\/p>\n\n\n\n<ol class=\"wp-block-list\">\n<li>Coquivacoa<\/li>\n\n\n\n<li>Idelfonso V\u00e1squez<\/li>\n\n\n\n<li>Antonio Borjas Romero<\/li>\n\n\n\n<li>Caracciolo Parra P\u00e9rez<\/li>\n\n\n\n<li>Ra\u00fal Leoni<\/li>\n\n\n\n<li>Chiquinquir\u00e1<\/li>\n\n\n\n<li>Santa Luc\u00eda<\/li>\n\n\n\n<li>Bol\u00edvar<\/li>\n\n\n\n<li>Cacique Mara<\/li>\n\n\n\n<li>Cecilio Acosta<\/li>\n<\/ol>\n\n\n\n<p>Para el Alcalde encargado, el estreno del esquema 3&#215;3 es un paso m\u00e1s en el camino iniciado por el alcalde Rafael Ram\u00edrez Colina en 2021. \u201cEste esquema 3&#215;3 es la muestra de que cuando se planifica y se ejecuta con voluntad, las ciudades prosperan. \u00a1Estamos ganando esta batalla!\u201d.<\/p>\n\n\n\n<p>Destac\u00f3 que se mantiene la flota de los 56 camiones y se buscan reforzarla con la participaci\u00f3n de nuevas empresas a las que se convoc\u00f3 a trav\u00e9s de licitaci\u00f3n.<br><strong><em>ET \/ DCI Alcald\u00eda de Maracaibo<\/em><\/strong><\/p>\n","protected":false},"excerpt":{"rendered":"<p>ENTRE TORMENTAS. En rueda de prensa efectuada este lunes 10 de febrero, el Alcalde (E)&#8230;<\/p>\n","protected":false},"author":2,"featured_media":13311,"comment_status":"closed","ping_status":"open","sticky":false,"template":"","format":"standard","meta":{"footnotes":""},"categories":[57,1],"tags":[],"class_list":["post-13310","post","type-post","status-publish","format-standard","has-post-thumbnail","hentry","category-actualidad","category-regionales"],"_links":{"self":[{"href":"https:\/\/entretormentas.com\/index.php?rest_route=\/wp\/v2\/posts\/13310","targetHints":{"allow":["GET"]}}],"collection":[{"href":"https:\/\/entretormentas.com\/index.php?rest_route=\/wp\/v2\/posts"}],"about":[{"href":"https:\/\/entretormentas.com\/index.php?rest_route=\/wp\/v2\/types\/post"}],"author":[{"embeddable":true,"href":"https:\/\/entretormentas.com\/index.php?rest_route=\/wp\/v2\/users\/2"}],"replies":[{"embeddable":true,"href":"https:\/\/entretormentas.com\/index.php?rest_route=%2Fwp%2Fv2%2Fcomments&post=13310"}],"version-history":[{"count":1,"href":"https:\/\/entretormentas.com\/index.php?rest_route=\/wp\/v2\/posts\/13310\/revisions"}],"predecessor-version":[{"id":13313,"href":"https:\/\/entretormentas.com\/index.php?rest_route=\/wp\/v2\/posts\/13310\/revisions\/13313"}],"wp:featuredmedia":[{"embeddable":true,"href":"https:\/\/entretormentas.com\/index.php?rest_route=\/wp\/v2\/media\/13311"}],"wp:attachment":[{"href":"https:\/\/entretormentas.com\/index.php?rest_route=%2Fwp%2Fv2%2Fmedia&parent=13310"}],"wp:term":[{"taxonomy":"category","embeddable":true,"href":"https:\/\/entretormentas.com\/index.php?rest_route=%2Fwp%2Fv2%2Fcategories&post=13310"},{"taxonomy":"post_tag","embeddable":true,"href":"https:\/\/entretormentas.com\/index.php?rest_route=%2Fwp%2Fv2%2Ftags&post=13310"}],"curies":[{"name":"wp","href":"https:\/\/api.w.org\/{rel}","templated":true}]}}