{"id":13317,"date":"2025-02-12T09:27:47","date_gmt":"2025-02-12T08:27:47","guid":{"rendered":"https:\/\/entretormentas.com\/?p=13317"},"modified":"2025-02-12T09:27:47","modified_gmt":"2025-02-12T08:27:47","slug":"apoyo-de-la-alcaldia-de-maracaibo-unos-25-emprendedores-muestran-sus-creaciones-en-la-decima-feria-de-artesania-y-turismo-2025","status":"publish","type":"post","link":"https:\/\/entretormentas.com\/apoyo-de-la-alcaldia-de-maracaibo-unos-25-emprendedores-muestran-sus-creaciones-en-la-decima-feria-de-artesania-y-turismo-2025\/","title":{"rendered":"\u00a1APOYO DE LA ALCALD\u00cdA DE MARACAIBO! Unos 25 emprendedores muestran sus creaciones en la d\u00e9cima Feria de Artesan\u00eda y Turismo 2025"},"content":{"rendered":"\n<p><strong>ENTRE TORMENTAS. <\/strong>La Alcald\u00eda de Maracaibo a trav\u00e9s de la direcci\u00f3n Turismo realiz\u00f3 la d\u00e9cima edici\u00f3n de la Feria de Artesan\u00eda y Turismo con 25 emprendedores, entre los que destacaros los de la etnia wayuu, quienes la riqueza cultural, ceramista, de orfebrer\u00eda, gastron\u00f3mica y dulcer\u00eda criolla.<\/p>\n\n\n\n<p>El evento que se realiz\u00f3 en el centro comercial Sambil cont\u00f3 con un despliegue donde se pudo apreciar la calidez y el gentilicio zuliano, con las diversas exposiciones en la que se realz\u00f3 la identidad con la m\u00fasica y la historia del estado petrolero, que se trasmite de generaci\u00f3n en generaci\u00f3n para preservarla.<\/p>\n\n\n\n<p>Adri\u00e1n Romero Mart\u00ednez, alcalde encargado de Maracaibo, asisti\u00f3 a esta d\u00e9cima edici\u00f3n de la feria y la primera de 2025. Destac\u00f3 que las marcas tradicionales exhibidas son el mejor reflejo de lo que es la artesan\u00eda de la regi\u00f3n, especialmente la wayuu, donde su amplia gama productos como dulces, jabones, manufactura, bisuter\u00eda, entre otros.<\/p>\n\n\n\n<p>\u201cQueremos que m\u00e1s emprendedores tengan posibilidades reales de hacer negocios con sus obras, por lo que ser\u00e1n incorporados al Ecosistema del Emprendimiento que la Alcald\u00eda ha dise\u00f1ado\u201d, recalc\u00f3 Romero Mart\u00ednez.<\/p>\n\n\n\n<figure class=\"wp-block-image size-large\"><img fetchpriority=\"high\" decoding=\"async\" width=\"1024\" height=\"768\" src=\"https:\/\/entretormentas.com\/wp-content\/uploads\/2025\/02\/image-135-1024x768.png\" alt=\"\" class=\"wp-image-13319\" srcset=\"https:\/\/entretormentas.com\/wp-content\/uploads\/2025\/02\/image-135-1024x768.png 1024w, https:\/\/entretormentas.com\/wp-content\/uploads\/2025\/02\/image-135-300x225.png 300w, https:\/\/entretormentas.com\/wp-content\/uploads\/2025\/02\/image-135-768x576.png 768w, https:\/\/entretormentas.com\/wp-content\/uploads\/2025\/02\/image-135-1536x1152.png 1536w, https:\/\/entretormentas.com\/wp-content\/uploads\/2025\/02\/image-135.png 1600w\" sizes=\"(max-width: 1024px) 100vw, 1024px\" \/><\/figure>\n\n\n\n<p>Juan Urdaneta, director de Turismo, explic\u00f3 que a trav\u00e9s del Servicio Desconcentrado del Sistema Integrado de Atenci\u00f3n al Ciudadano Emprendedor (SIACE) se estableci\u00f3 el registro y seguimiento a los emprendedores para darles car\u00e1cter formal y ofrecerles microcr\u00e9ditos a las empresas y emprendedores formalizados con ayuda del Sistema Autosustentable de Desarrollo Microfinanciero y Ciudadano de Maracaibo (SAMI).<\/p>\n\n\n\n<p>Mar\u00eda Conchita Y\u00e1\u00f1ez, presidenta del Fondo Municipal de Turismo de Maracaibo, destac\u00f3 que este tipo de ferias de emprendedores dan impulso a la econom\u00eda local.<\/p>\n\n\n\n<p><strong>EMPRENDEDORES PRESENTES<\/strong><br>Ram\u00f3n Socuy, emprendedor de artesan\u00eda del 18 de Octubre, acord\u00f3 que este tipo de eventos ampl\u00edan el mercado de las ventas a otros municipios y otras ciudades de Venezuela.<\/p>\n\n\n\n<p>Arguenedith Uguetta, orfebrera zuliana, que trabaja especialmente con el alambrismo en el dise\u00f1o de joyer\u00eda de alta calidad, se\u00f1al\u00f3 que su emprendimiento de fortalecer y se eleva al ser mostrado en las ferias artesanales.<\/p>\n\n\n\n<p>El director de Turismo record\u00f3 que la Feria de Artesan\u00eda y Turismo tiene la intenci\u00f3n de fomentar estos encuentros en otros centros comerciales de la ciudad de Maracaibo, durante todo el a\u00f1o 2025.<br><strong><em>ET \/ DCI Alcald\u00eda de Maracaibo<\/em><\/strong><\/p>\n","protected":false},"excerpt":{"rendered":"<p>ENTRE TORMENTAS. La Alcald\u00eda de Maracaibo a trav\u00e9s de la direcci\u00f3n Turismo realiz\u00f3 la d\u00e9cima&#8230;<\/p>\n","protected":false},"author":2,"featured_media":13318,"comment_status":"closed","ping_status":"open","sticky":false,"template":"","format":"standard","meta":{"footnotes":""},"categories":[1],"tags":[],"class_list":["post-13317","post","type-post","status-publish","format-standard","has-post-thumbnail","hentry","category-regionales"],"_links":{"self":[{"href":"https:\/\/entretormentas.com\/index.php?rest_route=\/wp\/v2\/posts\/13317","targetHints":{"allow":["GET"]}}],"collection":[{"href":"https:\/\/entretormentas.com\/index.php?rest_route=\/wp\/v2\/posts"}],"about":[{"href":"https:\/\/entretormentas.com\/index.php?rest_route=\/wp\/v2\/types\/post"}],"author":[{"embeddable":true,"href":"https:\/\/entretormentas.com\/index.php?rest_route=\/wp\/v2\/users\/2"}],"replies":[{"embeddable":true,"href":"https:\/\/entretormentas.com\/index.php?rest_route=%2Fwp%2Fv2%2Fcomments&post=13317"}],"version-history":[{"count":1,"href":"https:\/\/entretormentas.com\/index.php?rest_route=\/wp\/v2\/posts\/13317\/revisions"}],"predecessor-version":[{"id":13320,"href":"https:\/\/entretormentas.com\/index.php?rest_route=\/wp\/v2\/posts\/13317\/revisions\/13320"}],"wp:featuredmedia":[{"embeddable":true,"href":"https:\/\/entretormentas.com\/index.php?rest_route=\/wp\/v2\/media\/13318"}],"wp:attachment":[{"href":"https:\/\/entretormentas.com\/index.php?rest_route=%2Fwp%2Fv2%2Fmedia&parent=13317"}],"wp:term":[{"taxonomy":"category","embeddable":true,"href":"https:\/\/entretormentas.com\/index.php?rest_route=%2Fwp%2Fv2%2Fcategories&post=13317"},{"taxonomy":"post_tag","embeddable":true,"href":"https:\/\/entretormentas.com\/index.php?rest_route=%2Fwp%2Fv2%2Ftags&post=13317"}],"curies":[{"name":"wp","href":"https:\/\/api.w.org\/{rel}","templated":true}]}}