{"id":13321,"date":"2025-02-12T09:32:25","date_gmt":"2025-02-12T08:32:25","guid":{"rendered":"https:\/\/entretormentas.com\/?p=13321"},"modified":"2025-02-12T09:32:26","modified_gmt":"2025-02-12T08:32:26","slug":"el-domingo-2-mar-alcaldia-de-san-francisco-invita-a-participar-en-el-desfile-de-carnaval-2025","status":"publish","type":"post","link":"https:\/\/entretormentas.com\/el-domingo-2-mar-alcaldia-de-san-francisco-invita-a-participar-en-el-desfile-de-carnaval-2025\/","title":{"rendered":"\u00a1EL DOMINGO 2-MAR! Alcald\u00eda de San Francisco invita a participar en el desfile de Carnaval 2025"},"content":{"rendered":"\n<p><strong>ENTRE TORMENTAS. <\/strong>Desde la alcald\u00eda de San Francisco, las actividades recreativas contin\u00faan activas en la agenda del alcalde Gustavo Fern\u00e1ndez, por lo que este a\u00f1o el tradicional desfile de Carnaval 2025, est\u00e1 programado para el pr\u00f3ximo domingo 2 de marzo, en donde se contar\u00e1 con cinco puntos de hidrataci\u00f3n, cuatro puntos de atenci\u00f3n integral y ba\u00f1os p\u00fablicos, en la ruta establecida para el recorrido, la cual comprende desde la sede de la Cantv hasta la esquina de la avenida 40 del municipio San Francisco.<\/p>\n\n\n\n<p>Idelmary Morales, directora de apoyo a la gerencia de Desarrollo Social, inform\u00f3 que los preparativos y la organizaci\u00f3n de este evento, se desarrollan correctamente, \u201ces una convocatoria abierta, en donde puede participar todo el que quiera, artistas nacionales e internacionales, este a\u00f1o tenemos cuatro categor\u00edas para premiar, vamos a escoger a la mejor banda show, al mejor sound cars, mejor carroza y mejor comparsa escolar, los premios ser\u00e1n anunciados el mismo d\u00eda antes de comenzar el desfile\u201d, destac\u00f3.<\/p>\n\n\n\n<figure class=\"wp-block-image size-large\"><img fetchpriority=\"high\" decoding=\"async\" width=\"576\" height=\"1024\" src=\"https:\/\/entretormentas.com\/wp-content\/uploads\/2025\/02\/image-137-576x1024.png\" alt=\"\" class=\"wp-image-13323\" srcset=\"https:\/\/entretormentas.com\/wp-content\/uploads\/2025\/02\/image-137-576x1024.png 576w, https:\/\/entretormentas.com\/wp-content\/uploads\/2025\/02\/image-137-169x300.png 169w, https:\/\/entretormentas.com\/wp-content\/uploads\/2025\/02\/image-137-768x1365.png 768w, https:\/\/entretormentas.com\/wp-content\/uploads\/2025\/02\/image-137-864x1536.png 864w, https:\/\/entretormentas.com\/wp-content\/uploads\/2025\/02\/image-137-1024x1820.png 1024w, https:\/\/entretormentas.com\/wp-content\/uploads\/2025\/02\/image-137.png 1080w\" sizes=\"(max-width: 576px) 100vw, 576px\" \/><\/figure>\n\n\n\n<p>Para este a\u00f1o, Morales asegur\u00f3 que est\u00e1n convocadas las escuelas privadas y p\u00fablicas, de las cuales ya est\u00e1n inscritas las 35 escuelas estadales, \u201cen una alianza con la secretar\u00eda de Turismo de la Gobernaci\u00f3n del estado Zulia, que es la encargada de hacer el desfile, el cual est\u00e1 pautado para iniciar a las 5:00 pm, los participantes deben estar una hora antes, el recorrido est\u00e1 organizado por bloques \u2013 una banda show, un sound car, una comparsa, y una carroza-, para que sea m\u00e1s vistoso y fluido\u201d, precis\u00f3 la directora de apoyo a la gerencia de Desarrollo Social de la alcald\u00eda de San Francisco.<\/p>\n\n\n\n<p>Morales tambi\u00e9n inform\u00f3 que estar\u00e1n presentes todos los organismos de la alcald\u00eda sure\u00f1a, en cinco puntos integrales, distribuidos a lo largo del recorrido del desfile, \u201centre ellos, el Instituto P\u00fablico Municipal de la Salud (Imsasur), el equipo de Prevenci\u00f3n y Seguridad Ciudadana, el Consejo de Protecci\u00f3n de Ni\u00f1os, Ni\u00f1as y Adolescentes (Comdepro), el Cuerpo de Bomberos de San Francisco, el apoyo de Polisur y las siete parroquias del municipio, en donde garantizaremos, la seguridad y la integridad de todos los participantes\u201d.<\/p>\n\n\n\n<p>Los interesados en ser parte del desfile de Carnaval 2025 del municipio San Francisco, pueden enviar su postulaci\u00f3n al correo desarrollosocialsf1@gmail.com \u00f3 escribe un mensaje privado a la cuenta @dsocialsanfco.<\/p>\n\n\n\n<p>Por \u00faltimo, Idelmary Morales, manifest\u00f3 que esperan una participaci\u00f3n masiva, \u201cdesde San Francisco ya estamos haciendo alianzas con otras alcald\u00edas para que nos acompa\u00f1en en esta hermosa actividad\u201d, record\u00f3 que es importante tomar previsiones con respecto a las v\u00edas alternas de tr\u00e1nsito, para evitar inconvenientes en el horario de cierre de la avenida, el cual oscilar\u00e1 entre las 3:00 pm y 8:00 pm.<br><strong><em>ET \/ Alcald\u00eda de San Francisco<\/em><\/strong><\/p>\n","protected":false},"excerpt":{"rendered":"<p>ENTRE TORMENTAS. Desde la alcald\u00eda de San Francisco, las actividades recreativas contin\u00faan activas en la&#8230;<\/p>\n","protected":false},"author":2,"featured_media":13322,"comment_status":"closed","ping_status":"open","sticky":false,"template":"","format":"standard","meta":{"footnotes":""},"categories":[1],"tags":[],"class_list":["post-13321","post","type-post","status-publish","format-standard","has-post-thumbnail","hentry","category-regionales"],"_links":{"self":[{"href":"https:\/\/entretormentas.com\/index.php?rest_route=\/wp\/v2\/posts\/13321","targetHints":{"allow":["GET"]}}],"collection":[{"href":"https:\/\/entretormentas.com\/index.php?rest_route=\/wp\/v2\/posts"}],"about":[{"href":"https:\/\/entretormentas.com\/index.php?rest_route=\/wp\/v2\/types\/post"}],"author":[{"embeddable":true,"href":"https:\/\/entretormentas.com\/index.php?rest_route=\/wp\/v2\/users\/2"}],"replies":[{"embeddable":true,"href":"https:\/\/entretormentas.com\/index.php?rest_route=%2Fwp%2Fv2%2Fcomments&post=13321"}],"version-history":[{"count":1,"href":"https:\/\/entretormentas.com\/index.php?rest_route=\/wp\/v2\/posts\/13321\/revisions"}],"predecessor-version":[{"id":13324,"href":"https:\/\/entretormentas.com\/index.php?rest_route=\/wp\/v2\/posts\/13321\/revisions\/13324"}],"wp:featuredmedia":[{"embeddable":true,"href":"https:\/\/entretormentas.com\/index.php?rest_route=\/wp\/v2\/media\/13322"}],"wp:attachment":[{"href":"https:\/\/entretormentas.com\/index.php?rest_route=%2Fwp%2Fv2%2Fmedia&parent=13321"}],"wp:term":[{"taxonomy":"category","embeddable":true,"href":"https:\/\/entretormentas.com\/index.php?rest_route=%2Fwp%2Fv2%2Fcategories&post=13321"},{"taxonomy":"post_tag","embeddable":true,"href":"https:\/\/entretormentas.com\/index.php?rest_route=%2Fwp%2Fv2%2Ftags&post=13321"}],"curies":[{"name":"wp","href":"https:\/\/api.w.org\/{rel}","templated":true}]}}