{"id":13352,"date":"2025-02-13T01:11:45","date_gmt":"2025-02-13T00:11:45","guid":{"rendered":"https:\/\/entretormentas.com\/?p=13352"},"modified":"2025-02-13T01:11:45","modified_gmt":"2025-02-13T00:11:45","slug":"preocupado-el-papa-advierte-a-trump-que-las-deportaciones-lastiman-la-dignidad-de-los-migrantes","status":"publish","type":"post","link":"https:\/\/entretormentas.com\/preocupado-el-papa-advierte-a-trump-que-las-deportaciones-lastiman-la-dignidad-de-los-migrantes\/","title":{"rendered":"\u00a1PREOCUPADO! El Papa advierte a Trump que las deportaciones \u00ablastiman la dignidad\u00bb de los migrantes"},"content":{"rendered":"\n<p><strong>ENTRE TORMENTAS.<\/strong> Este martes, el papa Francisco se pronunci\u00f3 sobre la decisi\u00f3n del presidente estadounidense, Donald Trump, respecto a las deportaciones masivas de migrantes.<\/p>\n\n\n\n<p>Para el m\u00e1ximo jerarca de la Iglesia cat\u00f3lica, esta pol\u00edtica \u00ablastima la dignidad de las personas\u201d.<\/p>\n\n\n\n<p>\u201cLa deportaci\u00f3n de personas que en muchos casos han dejado su propia tierra por motivos de pobreza extrema, de inseguridad, de explotaci\u00f3n, de persecuci\u00f3n o por el grave deterioro del medio ambiente, lastima la dignidad de muchos hombres y mujeres\u201d, expres\u00f3 Francisco.<\/p>\n\n\n\n<p>Las declaraciones del sumo pont\u00edfice fueron emitidas a trav\u00e9s de una carta dirigida a los arzobispos estadounidenses.<\/p>\n\n\n\n<p>El pasado 20 de enero de 2025, Donald Trump se jurament\u00f3 como el mandatario n\u00famero 47 de la uni\u00f3n americana. Desde entonces, ha firmado varios decretos entre los que destaca su pol\u00edtica de \u201cmano dura\u201d contra la migraci\u00f3n irregular. Internacionales.<br><strong><em>ET \/ Agencias<\/em><\/strong><\/p>\n","protected":false},"excerpt":{"rendered":"<p>ENTRE TORMENTAS. Este martes, el papa Francisco se pronunci\u00f3 sobre la decisi\u00f3n del presidente estadounidense,&#8230;<\/p>\n","protected":false},"author":2,"featured_media":13353,"comment_status":"closed","ping_status":"open","sticky":false,"template":"","format":"standard","meta":{"footnotes":""},"categories":[56,48],"tags":[],"class_list":["post-13352","post","type-post","status-publish","format-standard","has-post-thumbnail","hentry","category-destacadas","category-internacionales"],"_links":{"self":[{"href":"https:\/\/entretormentas.com\/index.php?rest_route=\/wp\/v2\/posts\/13352","targetHints":{"allow":["GET"]}}],"collection":[{"href":"https:\/\/entretormentas.com\/index.php?rest_route=\/wp\/v2\/posts"}],"about":[{"href":"https:\/\/entretormentas.com\/index.php?rest_route=\/wp\/v2\/types\/post"}],"author":[{"embeddable":true,"href":"https:\/\/entretormentas.com\/index.php?rest_route=\/wp\/v2\/users\/2"}],"replies":[{"embeddable":true,"href":"https:\/\/entretormentas.com\/index.php?rest_route=%2Fwp%2Fv2%2Fcomments&post=13352"}],"version-history":[{"count":1,"href":"https:\/\/entretormentas.com\/index.php?rest_route=\/wp\/v2\/posts\/13352\/revisions"}],"predecessor-version":[{"id":13354,"href":"https:\/\/entretormentas.com\/index.php?rest_route=\/wp\/v2\/posts\/13352\/revisions\/13354"}],"wp:featuredmedia":[{"embeddable":true,"href":"https:\/\/entretormentas.com\/index.php?rest_route=\/wp\/v2\/media\/13353"}],"wp:attachment":[{"href":"https:\/\/entretormentas.com\/index.php?rest_route=%2Fwp%2Fv2%2Fmedia&parent=13352"}],"wp:term":[{"taxonomy":"category","embeddable":true,"href":"https:\/\/entretormentas.com\/index.php?rest_route=%2Fwp%2Fv2%2Fcategories&post=13352"},{"taxonomy":"post_tag","embeddable":true,"href":"https:\/\/entretormentas.com\/index.php?rest_route=%2Fwp%2Fv2%2Ftags&post=13352"}],"curies":[{"name":"wp","href":"https:\/\/api.w.org\/{rel}","templated":true}]}}