{"id":13355,"date":"2025-02-13T01:16:34","date_gmt":"2025-02-13T00:16:34","guid":{"rendered":"https:\/\/entretormentas.com\/?p=13355"},"modified":"2025-02-13T01:16:35","modified_gmt":"2025-02-13T00:16:35","slug":"cabello-no-todos-los-190-venezolanos-deportados-tienen-antecedentes-penales","status":"publish","type":"post","link":"https:\/\/entretormentas.com\/cabello-no-todos-los-190-venezolanos-deportados-tienen-antecedentes-penales\/","title":{"rendered":"CABELLO: \u00abNo todos los 190 venezolanos deportados tienen antecedentes penales\u00bb"},"content":{"rendered":"\n<p><strong>ENTRE TORMENTAS. <\/strong>El ministro de Interior y Justicia, Diosdado Cabello, recibi\u00f3 a los 190 venezolanos deportados por Estados Unidos, en el aeropuerto de Maiquet\u00eda y asegur\u00f3 que se est\u00e1 investigando qui\u00e9nes tienen antecedentes penales \u201cpero ese cuento de que todos tiene expediente es mentira\u201d, dijo.<\/p>\n\n\n\n<p>Explic\u00f3 que solo deportaron hombres y en edades comprendidas entre 20 y 30 a\u00f1os y que depende de Estados Unidos si tienen que enviar nuevamente aviones a traer m\u00e1s venezolanos, \u201cnosotros estamos listos\u201d, manifest\u00f3<\/p>\n\n\n\n<figure class=\"wp-block-image size-full\"><img fetchpriority=\"high\" decoding=\"async\" width=\"768\" height=\"661\" src=\"https:\/\/entretormentas.com\/wp-content\/uploads\/2025\/02\/image-149.png\" alt=\"\" class=\"wp-image-13357\" srcset=\"https:\/\/entretormentas.com\/wp-content\/uploads\/2025\/02\/image-149.png 768w, https:\/\/entretormentas.com\/wp-content\/uploads\/2025\/02\/image-149-300x258.png 300w\" sizes=\"(max-width: 768px) 100vw, 768px\" \/><\/figure>\n\n\n\n<p>Precis\u00f3 que los venezolanos, manifestaron estar feliz por su retorno y expresaron su deseo de comer arepas. Ser\u00e1n sometidos a consultas m\u00e9dicas y sicol\u00f3gicas.<\/p>\n\n\n\n<p>Manifest\u00f3 que los deportados ingresaron al pa\u00eds con los aviones destinados al plan Vuelta a la Patria. \u201cGracias a este Plan Vuelta a la Patria, que se lleva a cabo a trav\u00e9s de un di\u00e1logo abierto y directo del Gobierno Bolivariano, hoy llegan estos hermanos nuestros, quienes son recibidos como venezolanos, garantiz\u00e1ndoles el bienestar y brind\u00e1ndoles las atenciones necesarias contenidas en este protocolo\u201d.<\/p>\n\n\n\n<p>Cabello aseguro que un equipo multidisciplinario atender\u00e1 a estos primeros deportados y les brindar\u00e1 atenci\u00f3n m\u00e9dica, social y legal. \u201cEs nuestra responsabilidad atender de manera integral a estos j\u00f3venes que, en alguna circunstancia, tuvieron que alejarse del pa\u00eds\u201d.<br><strong><em>ET \/ Agencias<\/em><\/strong><\/p>\n","protected":false},"excerpt":{"rendered":"<p>ENTRE TORMENTAS. El ministro de Interior y Justicia, Diosdado Cabello, recibi\u00f3 a los 190 venezolanos&#8230;<\/p>\n","protected":false},"author":2,"featured_media":13356,"comment_status":"closed","ping_status":"open","sticky":false,"template":"","format":"standard","meta":{"footnotes":""},"categories":[56,49],"tags":[],"class_list":["post-13355","post","type-post","status-publish","format-standard","has-post-thumbnail","hentry","category-destacadas","category-nacionales"],"_links":{"self":[{"href":"https:\/\/entretormentas.com\/index.php?rest_route=\/wp\/v2\/posts\/13355","targetHints":{"allow":["GET"]}}],"collection":[{"href":"https:\/\/entretormentas.com\/index.php?rest_route=\/wp\/v2\/posts"}],"about":[{"href":"https:\/\/entretormentas.com\/index.php?rest_route=\/wp\/v2\/types\/post"}],"author":[{"embeddable":true,"href":"https:\/\/entretormentas.com\/index.php?rest_route=\/wp\/v2\/users\/2"}],"replies":[{"embeddable":true,"href":"https:\/\/entretormentas.com\/index.php?rest_route=%2Fwp%2Fv2%2Fcomments&post=13355"}],"version-history":[{"count":1,"href":"https:\/\/entretormentas.com\/index.php?rest_route=\/wp\/v2\/posts\/13355\/revisions"}],"predecessor-version":[{"id":13358,"href":"https:\/\/entretormentas.com\/index.php?rest_route=\/wp\/v2\/posts\/13355\/revisions\/13358"}],"wp:featuredmedia":[{"embeddable":true,"href":"https:\/\/entretormentas.com\/index.php?rest_route=\/wp\/v2\/media\/13356"}],"wp:attachment":[{"href":"https:\/\/entretormentas.com\/index.php?rest_route=%2Fwp%2Fv2%2Fmedia&parent=13355"}],"wp:term":[{"taxonomy":"category","embeddable":true,"href":"https:\/\/entretormentas.com\/index.php?rest_route=%2Fwp%2Fv2%2Fcategories&post=13355"},{"taxonomy":"post_tag","embeddable":true,"href":"https:\/\/entretormentas.com\/index.php?rest_route=%2Fwp%2Fv2%2Ftags&post=13355"}],"curies":[{"name":"wp","href":"https:\/\/api.w.org\/{rel}","templated":true}]}}