{"id":13400,"date":"2025-02-23T15:00:37","date_gmt":"2025-02-23T14:00:37","guid":{"rendered":"https:\/\/entretormentas.com\/?p=13400"},"modified":"2025-02-23T15:00:38","modified_gmt":"2025-02-23T14:00:38","slug":"cumpliendo-rosales-inicia-construccion-del-corredor-vial-en-la-zona-oeste-de-maracaibo","status":"publish","type":"post","link":"https:\/\/entretormentas.com\/cumpliendo-rosales-inicia-construccion-del-corredor-vial-en-la-zona-oeste-de-maracaibo\/","title":{"rendered":"\u00a1CUMPLIENDO! Rosales inicia construcci\u00f3n del Corredor Vial en la zona Oeste de Maracaibo"},"content":{"rendered":"\n<p><strong>ENTRE TORMENTAS. <\/strong>El gobernador Manuel Rosales inici\u00f3 este s\u00e1bado los trabajos de construcci\u00f3n, recuperaci\u00f3n y modernizaci\u00f3n del Corredor Vial m\u00e1s importante de la zona Oeste de Maracaibo, ubicado entre la avenida 108A, v\u00eda La Concepci\u00f3n; la 29B, La Limpia y la circunvalaci\u00f3n n\u00famero 3, parroquia \u00abRa\u00fal Leoni\u00bb, de Maracaibo.<\/p>\n\n\n\n<p>Rosales explic\u00f3 que esta obra conecta con la avenida La Limpia, donde ya los trabajos est\u00e1n a punto de finalizar para su pr\u00f3xima inauguraci\u00f3n. \u00abEste Corredor Vial lo vamos a construir desde La Curva de Molina hasta la entrada de La Rinconada. Son casi cuatro kil\u00f3metros de vialidad, colectores, sistemas de aguas blancas y servidas, drenajes para lluvia, aceras, brocales, iluminaci\u00f3n y recuperaci\u00f3n de las \u00e1reas verdes\u00bb.<\/p>\n\n\n\n<figure class=\"wp-block-image size-large\"><img fetchpriority=\"high\" decoding=\"async\" width=\"1024\" height=\"682\" src=\"https:\/\/entretormentas.com\/wp-content\/uploads\/2025\/02\/image-174-1024x682.png\" alt=\"\" class=\"wp-image-13403\" srcset=\"https:\/\/entretormentas.com\/wp-content\/uploads\/2025\/02\/image-174-1024x682.png 1024w, https:\/\/entretormentas.com\/wp-content\/uploads\/2025\/02\/image-174-300x200.png 300w, https:\/\/entretormentas.com\/wp-content\/uploads\/2025\/02\/image-174-768x512.png 768w, https:\/\/entretormentas.com\/wp-content\/uploads\/2025\/02\/image-174-1536x1024.png 1536w, https:\/\/entretormentas.com\/wp-content\/uploads\/2025\/02\/image-174-2048x1365.png 2048w\" sizes=\"(max-width: 1024px) 100vw, 1024px\" \/><\/figure>\n\n\n\n<p>Junto con miembros del Gabinete de Gobierno, el Gobernador del Zulia manifest\u00f3 que el Centro Rafael Urdaneta es el organismo que tiene a cargo la construcci\u00f3n de esta obra y destac\u00f3 las labores que se ejecutan en sentido contrario de este Corredor V\u00edal: desde la Curva de Molina hasta el Mercado Ymca. \u00abUna vialidad de primer mundo, moderna; en la zona m\u00e1s populosa, de alegr\u00eda y lucha del Oeste de Maracaibo\u00bb.<\/p>\n\n\n\n<p>Rosales tambi\u00e9n destac\u00f3 el trabajo que la Gobernaci\u00f3n despliega en numerosas urbanizaciones de la capital zuliana, \u00abextendi\u00e9ndose en el Plan de recuperaci\u00f3n de colectores, aguas blancas y servidas, drenajes, demarcaci\u00f3n,asfaltado e iluminaci\u00f3n. La inversi\u00f3n es de m\u00e1s de un mill\u00f3n de d\u00f3lares\u201d.<\/p>\n\n\n\n<p>Adem\u00e1s, el alcance de esta importante obra vial prev\u00e9 la remoci\u00f3n de 7.237 metros cuadrados de capa asf\u00e1ltica, colocaci\u00f3n de 7.834 toneladas de mezcla asf\u00e1ltica, construcci\u00f3n de brocales y tapas de concreto.<\/p>\n\n\n\n<figure class=\"wp-block-image size-large\"><img decoding=\"async\" width=\"1024\" height=\"682\" src=\"https:\/\/entretormentas.com\/wp-content\/uploads\/2025\/02\/image-173-1024x682.png\" alt=\"\" class=\"wp-image-13402\" srcset=\"https:\/\/entretormentas.com\/wp-content\/uploads\/2025\/02\/image-173-1024x682.png 1024w, https:\/\/entretormentas.com\/wp-content\/uploads\/2025\/02\/image-173-300x200.png 300w, https:\/\/entretormentas.com\/wp-content\/uploads\/2025\/02\/image-173-768x512.png 768w, https:\/\/entretormentas.com\/wp-content\/uploads\/2025\/02\/image-173-1536x1024.png 1536w, https:\/\/entretormentas.com\/wp-content\/uploads\/2025\/02\/image-173-2048x1365.png 2048w\" sizes=\"(max-width: 1024px) 100vw, 1024px\" \/><\/figure>\n\n\n\n<p>M\u00e1s tarde, el gobernador Rosales se traslad\u00f3 hasta el sector Curva de Molina, para iniciar los trabajos de sustituci\u00f3n y sondeo del colector existente de 22 pulgadas de di\u00e1metro, ubicado en la avenida 91 y calle 65 del barrio Guaicaipuro, que beneficiar\u00e1 a los habitantes de las parroquias \u00abCaracciolo Parra P\u00e9rez\u00bb, \u00abVenancio Pulgar\u00bb y \u00abRa\u00fal Leoni\u00bb.<\/p>\n\n\n\n<p>Igualmente, Rosales resalt\u00f3 el despliegue de los programas sociales Con Buenos Ojos en la parroquia Juana de \u00c1vila, la Jornada M\u00e9dica en \u00abFrancisco Eugenio Bustamante\u00bb y el despliegue del Mercado Popular en \u00abIdelfonso V\u00e1squez\u00bb.<br><strong><em>ET \/ Nota de Prensa<\/em><\/strong><\/p>\n","protected":false},"excerpt":{"rendered":"<p>ENTRE TORMENTAS. El gobernador Manuel Rosales inici\u00f3 este s\u00e1bado los trabajos de construcci\u00f3n, recuperaci\u00f3n y&#8230;<\/p>\n","protected":false},"author":2,"featured_media":13401,"comment_status":"closed","ping_status":"open","sticky":false,"template":"","format":"standard","meta":{"footnotes":""},"categories":[57,1],"tags":[],"class_list":["post-13400","post","type-post","status-publish","format-standard","has-post-thumbnail","hentry","category-actualidad","category-regionales"],"_links":{"self":[{"href":"https:\/\/entretormentas.com\/index.php?rest_route=\/wp\/v2\/posts\/13400","targetHints":{"allow":["GET"]}}],"collection":[{"href":"https:\/\/entretormentas.com\/index.php?rest_route=\/wp\/v2\/posts"}],"about":[{"href":"https:\/\/entretormentas.com\/index.php?rest_route=\/wp\/v2\/types\/post"}],"author":[{"embeddable":true,"href":"https:\/\/entretormentas.com\/index.php?rest_route=\/wp\/v2\/users\/2"}],"replies":[{"embeddable":true,"href":"https:\/\/entretormentas.com\/index.php?rest_route=%2Fwp%2Fv2%2Fcomments&post=13400"}],"version-history":[{"count":1,"href":"https:\/\/entretormentas.com\/index.php?rest_route=\/wp\/v2\/posts\/13400\/revisions"}],"predecessor-version":[{"id":13404,"href":"https:\/\/entretormentas.com\/index.php?rest_route=\/wp\/v2\/posts\/13400\/revisions\/13404"}],"wp:featuredmedia":[{"embeddable":true,"href":"https:\/\/entretormentas.com\/index.php?rest_route=\/wp\/v2\/media\/13401"}],"wp:attachment":[{"href":"https:\/\/entretormentas.com\/index.php?rest_route=%2Fwp%2Fv2%2Fmedia&parent=13400"}],"wp:term":[{"taxonomy":"category","embeddable":true,"href":"https:\/\/entretormentas.com\/index.php?rest_route=%2Fwp%2Fv2%2Fcategories&post=13400"},{"taxonomy":"post_tag","embeddable":true,"href":"https:\/\/entretormentas.com\/index.php?rest_route=%2Fwp%2Fv2%2Ftags&post=13400"}],"curies":[{"name":"wp","href":"https:\/\/api.w.org\/{rel}","templated":true}]}}