{"id":13411,"date":"2025-02-23T15:09:00","date_gmt":"2025-02-23T14:09:00","guid":{"rendered":"https:\/\/entretormentas.com\/?p=13411"},"modified":"2025-02-23T15:50:43","modified_gmt":"2025-02-23T14:50:43","slug":"la-de-ramos-allup-ad-en-resistencia-consulta-a-sus-bases-si-el-partido-debe-participar-el-25-may","status":"publish","type":"post","link":"https:\/\/entretormentas.com\/la-de-ramos-allup-ad-en-resistencia-consulta-a-sus-bases-si-el-partido-debe-participar-el-25-may\/","title":{"rendered":"\u00a1LA DE RAMOS ALLUP! AD en resistencia consulta a sus bases si el partido debe participar el 25-May"},"content":{"rendered":"\n<p><strong>ENTRE TORMENTAS.<\/strong> Los adecos que reconocen a Henry Ramos Allup como Secretario General del partido decidieron hacer una consulta con la militancia para determinar cu\u00e1l ser\u00e1 posici\u00f3n de esta organizaci\u00f3n frente a los comicios convocados por el Consejo Nacional Electoral (CNE) para el 25 de mayo pr\u00f3ximo.<\/p>\n\n\n\n<p>Fuentes vinculadas con la Comit\u00e9 Ejecutivo Nacional (CEN) indicaron que la decisi\u00f3n ser\u00e1 tomada por la bases \u201cque son los que mueven la maquinaria\u201d y la c\u00fapula adeca acatar\u00e1 esta decisi\u00f3n.<\/p>\n\n\n\n<p>Consultamos sobre cu\u00e1l era la posici\u00f3n personal de los miembros del CEN y como estaba la correlaci\u00f3n de fuerzas entre \u201cparticipar o no participar\u201d y la respuesta fue que ninguno adelant\u00f3 posici\u00f3n, \u201cen funci\u00f3n de no sesgar la decisi\u00f3n de las bases\u00bb.<\/p>\n\n\n\n<p>\u201cSi adelantaban posici\u00f3n podr\u00eda entenderse que se estaba bajando la l\u00ednea y esa no es la idea antes de hacer una consulta a las bases\u201d, indic\u00f3 la fuente consultada.<\/p>\n\n\n\n<p>Se espera por los resultados de las consultas que se hicieron en las estructuras estadales y municipales, para que el CEN, obedeciendo \u201cel mandato de la militancia\u201d lo comunique al pa\u00eds.<br><strong><em>ET \/ Agencias<\/em><\/strong><\/p>\n","protected":false},"excerpt":{"rendered":"<p>ENTRE TORMENTAS. Los adecos que reconocen a Henry Ramos Allup como Secretario General del partido&#8230;<\/p>\n","protected":false},"author":2,"featured_media":13412,"comment_status":"closed","ping_status":"open","sticky":false,"template":"","format":"standard","meta":{"footnotes":""},"categories":[56,49],"tags":[],"class_list":["post-13411","post","type-post","status-publish","format-standard","has-post-thumbnail","hentry","category-destacadas","category-nacionales"],"_links":{"self":[{"href":"https:\/\/entretormentas.com\/index.php?rest_route=\/wp\/v2\/posts\/13411","targetHints":{"allow":["GET"]}}],"collection":[{"href":"https:\/\/entretormentas.com\/index.php?rest_route=\/wp\/v2\/posts"}],"about":[{"href":"https:\/\/entretormentas.com\/index.php?rest_route=\/wp\/v2\/types\/post"}],"author":[{"embeddable":true,"href":"https:\/\/entretormentas.com\/index.php?rest_route=\/wp\/v2\/users\/2"}],"replies":[{"embeddable":true,"href":"https:\/\/entretormentas.com\/index.php?rest_route=%2Fwp%2Fv2%2Fcomments&post=13411"}],"version-history":[{"count":1,"href":"https:\/\/entretormentas.com\/index.php?rest_route=\/wp\/v2\/posts\/13411\/revisions"}],"predecessor-version":[{"id":13413,"href":"https:\/\/entretormentas.com\/index.php?rest_route=\/wp\/v2\/posts\/13411\/revisions\/13413"}],"wp:featuredmedia":[{"embeddable":true,"href":"https:\/\/entretormentas.com\/index.php?rest_route=\/wp\/v2\/media\/13412"}],"wp:attachment":[{"href":"https:\/\/entretormentas.com\/index.php?rest_route=%2Fwp%2Fv2%2Fmedia&parent=13411"}],"wp:term":[{"taxonomy":"category","embeddable":true,"href":"https:\/\/entretormentas.com\/index.php?rest_route=%2Fwp%2Fv2%2Fcategories&post=13411"},{"taxonomy":"post_tag","embeddable":true,"href":"https:\/\/entretormentas.com\/index.php?rest_route=%2Fwp%2Fv2%2Ftags&post=13411"}],"curies":[{"name":"wp","href":"https:\/\/api.w.org\/{rel}","templated":true}]}}