{"id":13414,"date":"2025-02-23T15:13:33","date_gmt":"2025-02-23T14:13:33","guid":{"rendered":"https:\/\/entretormentas.com\/?p=13414"},"modified":"2025-02-23T15:13:34","modified_gmt":"2025-02-23T14:13:34","slug":"presidenta-de-pj-capriles-y-tomas-guanipa-se-separan-de-la-unidad-y-de-primero-justicia","status":"publish","type":"post","link":"https:\/\/entretormentas.com\/presidenta-de-pj-capriles-y-tomas-guanipa-se-separan-de-la-unidad-y-de-primero-justicia\/","title":{"rendered":"PRESIDENTA DE PJ: \u00abCapriles y Tomas Guanipa se separan de la Unidad y de Primero Justicia\u00bb"},"content":{"rendered":"\n<p><strong>ENTRE TORMENTAS. <\/strong>Primero Justicia ratific\u00f3 su compromiso con la Plataforma Unitaria Democr\u00e1tica, con los resultados del 28 de julio y con la defensa del voto como mecanismo de expresi\u00f3n popular, rechazando cualquier intento de \u00abnormalizar el fraude electoral del r\u00e9gimen\u00bb, seg\u00fan un comunicado enviado a los medios por este partido pol\u00edtico.<\/p>\n\n\n\n<p>En el documento, el partido reiter\u00f3 que \u00abla unidad que triunf\u00f3 el 28 de julio con Mar\u00eda Corina Machado, Edmundo Gonz\u00e1lez Urrutia y la Plataforma Unitaria sigue firme en su prop\u00f3sito de rescatar la democracia en Venezuela\u00bb.<\/p>\n\n\n\n<p>Seg\u00fan Mar\u00eda Beatriz Mart\u00ednez, presidenta de Primero Justicia, \u00abel proceso electoral convocado por el r\u00e9gimen no es leg\u00edtimo, sino un intento de perpetuarse en el poder mediante la imposici\u00f3n del Estado Comunal, un modelo que aniquila la soberan\u00eda popular, la descentralizaci\u00f3n y los principios republicanos\u00bb.<\/p>\n\n\n\n<p>Ante el escenario que describe insisti\u00f3 en que es fundamental \u00abmantener la unidad pol\u00edtica con el pueblo venezolano y con el liderazgo leg\u00edtimo\u00bb.<\/p>\n\n\n\n<p>Asimismo, Mart\u00ednez aclar\u00f3 que la Direcci\u00f3n Nacional de Primero Justicia desconoce la conformaci\u00f3n de un comando de campa\u00f1a, impulsado unilateralmente por Henrique Capriles y Tom\u00e1s Guanipa, orientado a participar en las elecciones del 25 de mayo.<\/p>\n\n\n\n<p>\u00abEsta decisi\u00f3n los coloca fuera de la Unidad, al contradecir la l\u00ednea pol\u00edtica de la Plataforma Unitaria, las decisiones de Edmundo Gonz\u00e1lez Urrutia, los siete principios establecidos por Mar\u00eda Corina Machado, y la postura institucional de Primero Justicia, que ha sido reiterada en defensa de la voluntad popular expresada el 28 de julio\u00bb, se\u00f1ala el comunicado.<\/p>\n\n\n\n<p>Agrega que \u00abcon su accionar, Capriles y Guanipa han decidido irse de la Unidad y de Primero Justicia, socavando la lucha democr\u00e1tica en Venezuela y aline\u00e1ndose con la estrategia del r\u00e9gimen. Ante esto, Primero Justicia ha activado de inmediato todas las consecuencias que esto acarrea\u00bb.<\/p>\n\n\n\n<p>Finalmente, indica que el partido reafirma \u00absu rechazo a cualquier proceso fraudulento que no respete la voluntad soberana del 28 de julio, ratificando que el camino para el cambio en Venezuela sigue siendo la unidad, la determinaci\u00f3n y la lucha de millones de venezolanos\u00bb.<br><strong><em>ET \/ Contrapunto<\/em><\/strong><\/p>\n","protected":false},"excerpt":{"rendered":"<p>ENTRE TORMENTAS. Primero Justicia ratific\u00f3 su compromiso con la Plataforma Unitaria Democr\u00e1tica, con los resultados&#8230;<\/p>\n","protected":false},"author":2,"featured_media":13415,"comment_status":"closed","ping_status":"open","sticky":false,"template":"","format":"standard","meta":{"footnotes":""},"categories":[56,49],"tags":[],"class_list":["post-13414","post","type-post","status-publish","format-standard","has-post-thumbnail","hentry","category-destacadas","category-nacionales"],"_links":{"self":[{"href":"https:\/\/entretormentas.com\/index.php?rest_route=\/wp\/v2\/posts\/13414","targetHints":{"allow":["GET"]}}],"collection":[{"href":"https:\/\/entretormentas.com\/index.php?rest_route=\/wp\/v2\/posts"}],"about":[{"href":"https:\/\/entretormentas.com\/index.php?rest_route=\/wp\/v2\/types\/post"}],"author":[{"embeddable":true,"href":"https:\/\/entretormentas.com\/index.php?rest_route=\/wp\/v2\/users\/2"}],"replies":[{"embeddable":true,"href":"https:\/\/entretormentas.com\/index.php?rest_route=%2Fwp%2Fv2%2Fcomments&post=13414"}],"version-history":[{"count":1,"href":"https:\/\/entretormentas.com\/index.php?rest_route=\/wp\/v2\/posts\/13414\/revisions"}],"predecessor-version":[{"id":13416,"href":"https:\/\/entretormentas.com\/index.php?rest_route=\/wp\/v2\/posts\/13414\/revisions\/13416"}],"wp:featuredmedia":[{"embeddable":true,"href":"https:\/\/entretormentas.com\/index.php?rest_route=\/wp\/v2\/media\/13415"}],"wp:attachment":[{"href":"https:\/\/entretormentas.com\/index.php?rest_route=%2Fwp%2Fv2%2Fmedia&parent=13414"}],"wp:term":[{"taxonomy":"category","embeddable":true,"href":"https:\/\/entretormentas.com\/index.php?rest_route=%2Fwp%2Fv2%2Fcategories&post=13414"},{"taxonomy":"post_tag","embeddable":true,"href":"https:\/\/entretormentas.com\/index.php?rest_route=%2Fwp%2Fv2%2Ftags&post=13414"}],"curies":[{"name":"wp","href":"https:\/\/api.w.org\/{rel}","templated":true}]}}