{"id":13420,"date":"2025-02-23T15:20:42","date_gmt":"2025-02-23T14:20:42","guid":{"rendered":"https:\/\/entretormentas.com\/?p=13420"},"modified":"2025-02-23T15:20:43","modified_gmt":"2025-02-23T14:20:43","slug":"preocupacion-global-el-papa-francisco-esta-en-estado-critico-tras-sufrir-crisis-respiratoria","status":"publish","type":"post","link":"https:\/\/entretormentas.com\/preocupacion-global-el-papa-francisco-esta-en-estado-critico-tras-sufrir-crisis-respiratoria\/","title":{"rendered":"\u00a1PREOCUPACI\u00d3N GLOBAL! El Papa Francisco est\u00e1 en estado cr\u00edtico tras sufrir crisis respiratoria"},"content":{"rendered":"\n<p><strong>ENTRE TORMENTAS. <\/strong>El Papa Francisco se encuentra en estado cr\u00edtico despu\u00e9s de sufrir una larga crisis respiratoria asm\u00e1tica el s\u00e1bado por la ma\u00f1ana, inform\u00f3 El Vaticano.<\/p>\n\n\n\n<p>El Papa Francisco, de 88 a\u00f1os, que ha estado hospitalizado durante una semana con una infecci\u00f3n pulmonar compleja, tambi\u00e9n recibi\u00f3 transfusiones de sangre despu\u00e9s de que las pruebas mostraron una condici\u00f3n asociada con la anemia, dijo el Vaticano en una actualizaci\u00f3n de \u00faltimo momento.<\/p>\n\n\n\n<p>\u201cEl Santo Padre sigue alerta y pas\u00f3 el d\u00eda en un sill\u00f3n, aunque con m\u00e1s dolor que ayer. Por el momento el pron\u00f3stico es reservado\u201d, indic\u00f3 el comunicado.<\/p>\n\n\n\n<p>Previamente, los m\u00e9dicos dijeron que Francisco estaba luchando contra una neumon\u00eda y una infecci\u00f3n respiratoria compleja que seg\u00fan los m\u00e9dicos sigue siendo delicada y lo mantendr\u00e1 hospitalizado al menos una semana m\u00e1s.<\/p>\n\n\n\n<p>El Vaticano continu\u00f3 con sus celebraciones del A\u00f1o Santo sin el papa el s\u00e1bado.<\/p>\n\n\n\n<p>En una breve actualizaci\u00f3n previa el s\u00e1bado, Francisco durmi\u00f3 bien durante la noche. Pero los m\u00e9dicos han advertido que la principal amenaza que enfrenta Francisco ser\u00eda la aparici\u00f3n de sepsis, una infecci\u00f3n grave de la sangre que puede ocurrir como una complicaci\u00f3n de la neumon\u00eda.<\/p>\n\n\n\n<p>Hasta el viernes, no hab\u00eda evidencia de sepsis y Francisco estaba respondiendo a los diversos medicamentos que est\u00e1 tomando, dijo el equipo m\u00e9dico del Papa en su primera actualizaci\u00f3n en profundidad sobre su condici\u00f3n.<br><strong><em>ET \/ AP<\/em><\/strong><\/p>\n","protected":false},"excerpt":{"rendered":"<p>ENTRE TORMENTAS. El Papa Francisco se encuentra en estado cr\u00edtico despu\u00e9s de sufrir una larga&#8230;<\/p>\n","protected":false},"author":2,"featured_media":13423,"comment_status":"closed","ping_status":"open","sticky":false,"template":"","format":"standard","meta":{"footnotes":""},"categories":[56,48],"tags":[],"class_list":["post-13420","post","type-post","status-publish","format-standard","has-post-thumbnail","hentry","category-destacadas","category-internacionales"],"_links":{"self":[{"href":"https:\/\/entretormentas.com\/index.php?rest_route=\/wp\/v2\/posts\/13420","targetHints":{"allow":["GET"]}}],"collection":[{"href":"https:\/\/entretormentas.com\/index.php?rest_route=\/wp\/v2\/posts"}],"about":[{"href":"https:\/\/entretormentas.com\/index.php?rest_route=\/wp\/v2\/types\/post"}],"author":[{"embeddable":true,"href":"https:\/\/entretormentas.com\/index.php?rest_route=\/wp\/v2\/users\/2"}],"replies":[{"embeddable":true,"href":"https:\/\/entretormentas.com\/index.php?rest_route=%2Fwp%2Fv2%2Fcomments&post=13420"}],"version-history":[{"count":1,"href":"https:\/\/entretormentas.com\/index.php?rest_route=\/wp\/v2\/posts\/13420\/revisions"}],"predecessor-version":[{"id":13424,"href":"https:\/\/entretormentas.com\/index.php?rest_route=\/wp\/v2\/posts\/13420\/revisions\/13424"}],"wp:featuredmedia":[{"embeddable":true,"href":"https:\/\/entretormentas.com\/index.php?rest_route=\/wp\/v2\/media\/13423"}],"wp:attachment":[{"href":"https:\/\/entretormentas.com\/index.php?rest_route=%2Fwp%2Fv2%2Fmedia&parent=13420"}],"wp:term":[{"taxonomy":"category","embeddable":true,"href":"https:\/\/entretormentas.com\/index.php?rest_route=%2Fwp%2Fv2%2Fcategories&post=13420"},{"taxonomy":"post_tag","embeddable":true,"href":"https:\/\/entretormentas.com\/index.php?rest_route=%2Fwp%2Fv2%2Ftags&post=13420"}],"curies":[{"name":"wp","href":"https:\/\/api.w.org\/{rel}","templated":true}]}}