{"id":13437,"date":"2025-02-25T09:15:34","date_gmt":"2025-02-25T08:15:34","guid":{"rendered":"https:\/\/entretormentas.com\/?p=13437"},"modified":"2025-02-25T09:15:34","modified_gmt":"2025-02-25T08:15:34","slug":"comparsas-deporte-y-sorpresas-alcaldia-de-maracaibo-invita-a-las-actividades-de-carnaval-2025","status":"publish","type":"post","link":"https:\/\/entretormentas.com\/comparsas-deporte-y-sorpresas-alcaldia-de-maracaibo-invita-a-las-actividades-de-carnaval-2025\/","title":{"rendered":"\u00a1COMPARSAS, DEPORTE Y SORPRESAS! Alcald\u00eda de Maracaibo invita a las actividades de Carnaval 2025"},"content":{"rendered":"\n<p><strong>ENTRE TORMENTAS.<\/strong> Diez oportunidades de recreaci\u00f3n y celebraci\u00f3n familiar, prepar\u00f3 la Alcald\u00eda de Maracaibo a trav\u00e9s de la Direcci\u00f3n de Eventos, Cultura y el Instituto de Protecci\u00f3n Animal, durante el feriado de Carnaval, que va desde el primero al cuatro de marzo de 2025. As\u00ed lo inform\u00f3 el alcalde encargado Adri\u00e1n Romero Mart\u00ednez, en el Balance de Gesti\u00f3n y Transparencia n\u00famero 120.<\/p>\n\n\n\n<p>Durante su intervenci\u00f3n, Romero Mart\u00ednez invit\u00f3 a la colectividad a disfrutar de siete actividades programadas en los pr\u00f3ximos d\u00edas, de tres rutas de Tranv\u00eda que estar\u00e1n disponibles y coment\u00f3 los resultados de dos actividades iniciadas este fin de semana.<\/p>\n\n\n\n<p>\u201cArrancamos el Carnaval ayer domingo 23 de febrero con el Desfile de Mascotas Ladridos de Alegr\u00eda, en la Vereda del Lago. All\u00ed participaron 14 comparsas y m\u00e1s de 100 mascotas, pero se coronaron ganadores el rey Pedro Picapiedras, la reina Abogada Kira y todos los due\u00f1os de mascotas que los ha adoptado como parte de la familia. Por otro lado, se efectu\u00f3 ayer el reinado de Carnaval Maracaibo 2025 en Plaza de la Rep\u00fablica, donde se escogieron cinco reinas en diversas categor\u00edas\u201d, se\u00f1al\u00f3 el alcalde encargado.<\/p>\n\n\n\n<figure class=\"wp-block-image size-large\"><img fetchpriority=\"high\" decoding=\"async\" width=\"819\" height=\"1024\" src=\"https:\/\/entretormentas.com\/wp-content\/uploads\/2025\/02\/image-189-819x1024.png\" alt=\"\" class=\"wp-image-13439\" srcset=\"https:\/\/entretormentas.com\/wp-content\/uploads\/2025\/02\/image-189-819x1024.png 819w, https:\/\/entretormentas.com\/wp-content\/uploads\/2025\/02\/image-189-240x300.png 240w, https:\/\/entretormentas.com\/wp-content\/uploads\/2025\/02\/image-189-768x960.png 768w, https:\/\/entretormentas.com\/wp-content\/uploads\/2025\/02\/image-189-1024x1280.png 1024w, https:\/\/entretormentas.com\/wp-content\/uploads\/2025\/02\/image-189.png 1080w\" sizes=\"(max-width: 819px) 100vw, 819px\" \/><\/figure>\n\n\n\n<p><strong>PR\u00d3XIMAS ACTIVIDADES<\/strong><br>El alcalde encargado invit\u00f3 a el s\u00e1bado 1 de marzo a participar en el Desfile de Carnaval del Boulevard 5 de julio a partir de las 4.00 de la tarde. La Alcald\u00eda participar\u00e1 con bailarines urbanos y de sus diferentes escuelas. \u201cTambi\u00e9n ese d\u00eda tendremos a las 7.00 de la noche, la Noche de Retreta en la Calle Carabobo, donde ofreceremos m\u00fasica en vivo y show familiar\u201d.<\/p>\n\n\n\n<p>Para el domingo 2 de marzo, se tiene prevista la Ciclov\u00eda del Sol a partir de las 6.00 de la ma\u00f1ana, que sale y regresa a la Vereda del Lago, a la cual los participantes pueden asistir con su disfraz o m\u00e1scara. M\u00e1s tarde, a partir de las 8.00 de la ma\u00f1ana se desarrollar\u00e1 la actividad Playa, Sol y Arena, que ofrecer\u00e1 de encuentros deportivos y recreativos hasta las 4.00 de la tarde.<\/p>\n\n\n\n<p>Adem\u00e1s, la noche del domingo 2 de marzo el Domingo Cultural tendr\u00e1 su Festival de Disfraces, a partir de las 6.00 de la tarde en la Plaza de la Rep\u00fablica, con m\u00fasica en vivo, animaci\u00f3n, t\u00edteres, magia y bailes. Luego, el lunes 3 de marzo, llegar\u00e1 el Festival de Comparsas a las 6:00 de la tarde en la Plaza Maracaibo de la Curva de Molina. All\u00ed la gente podr\u00e1 disfrutar de m\u00fasica en vivo, vallenato y recreaci\u00f3n.<\/p>\n\n\n\n<p>Las actividades cierran el martes 4 de marzo, en la Vereda del Lago a las 5.00 de la tarde con la fiesta de espuma, show de bailes, m\u00fasica en vivo y recreaci\u00f3n.<\/p>\n\n\n\n<p>\u201cA todo esto, se le suman tres rutas del Tranv\u00eda de Maracaibo que estar\u00e1n disponibles por Carnaval. Se trata de La Casita de Madera, Arena Phanter y la Barra de la Alegr\u00eda, que ofrecen opciones de disfrute para peque\u00f1os, adolescente y adultos respectivamente. Este servicio est\u00e1 disponible por lo equivalente $12, para las primeras dos rutas y lo equivalente a 15$ en la ruta para adultos que es exclusiva para mayores de 18 a\u00f1os\u201d, detall\u00f3 el alcalde encargado.<br><strong><em>ET \/ DCI Alcald\u00eda de Maracaibo<\/em><\/strong><\/p>\n","protected":false},"excerpt":{"rendered":"<p>ENTRE TORMENTAS. Diez oportunidades de recreaci\u00f3n y celebraci\u00f3n familiar, prepar\u00f3 la Alcald\u00eda de Maracaibo a&#8230;<\/p>\n","protected":false},"author":2,"featured_media":13438,"comment_status":"closed","ping_status":"open","sticky":false,"template":"","format":"standard","meta":{"footnotes":""},"categories":[1],"tags":[],"class_list":["post-13437","post","type-post","status-publish","format-standard","has-post-thumbnail","hentry","category-regionales"],"_links":{"self":[{"href":"https:\/\/entretormentas.com\/index.php?rest_route=\/wp\/v2\/posts\/13437","targetHints":{"allow":["GET"]}}],"collection":[{"href":"https:\/\/entretormentas.com\/index.php?rest_route=\/wp\/v2\/posts"}],"about":[{"href":"https:\/\/entretormentas.com\/index.php?rest_route=\/wp\/v2\/types\/post"}],"author":[{"embeddable":true,"href":"https:\/\/entretormentas.com\/index.php?rest_route=\/wp\/v2\/users\/2"}],"replies":[{"embeddable":true,"href":"https:\/\/entretormentas.com\/index.php?rest_route=%2Fwp%2Fv2%2Fcomments&post=13437"}],"version-history":[{"count":1,"href":"https:\/\/entretormentas.com\/index.php?rest_route=\/wp\/v2\/posts\/13437\/revisions"}],"predecessor-version":[{"id":13440,"href":"https:\/\/entretormentas.com\/index.php?rest_route=\/wp\/v2\/posts\/13437\/revisions\/13440"}],"wp:featuredmedia":[{"embeddable":true,"href":"https:\/\/entretormentas.com\/index.php?rest_route=\/wp\/v2\/media\/13438"}],"wp:attachment":[{"href":"https:\/\/entretormentas.com\/index.php?rest_route=%2Fwp%2Fv2%2Fmedia&parent=13437"}],"wp:term":[{"taxonomy":"category","embeddable":true,"href":"https:\/\/entretormentas.com\/index.php?rest_route=%2Fwp%2Fv2%2Fcategories&post=13437"},{"taxonomy":"post_tag","embeddable":true,"href":"https:\/\/entretormentas.com\/index.php?rest_route=%2Fwp%2Fv2%2Ftags&post=13437"}],"curies":[{"name":"wp","href":"https:\/\/api.w.org\/{rel}","templated":true}]}}