{"id":13444,"date":"2025-02-25T09:21:41","date_gmt":"2025-02-25T08:21:41","guid":{"rendered":"https:\/\/entretormentas.com\/?p=13444"},"modified":"2025-02-25T09:21:42","modified_gmt":"2025-02-25T08:21:42","slug":"programa-bandera-becas-jel-celebran-21-anos-brindando-oportunidades-educativas-a-los-jovenes-zulianos","status":"publish","type":"post","link":"https:\/\/entretormentas.com\/programa-bandera-becas-jel-celebran-21-anos-brindando-oportunidades-educativas-a-los-jovenes-zulianos\/","title":{"rendered":"\u00a1PROGRAMA BANDERA! Becas JEL celebran 21 a\u00f1os brindando oportunidades educativas a los j\u00f3venes zulianos"},"content":{"rendered":"\n<p><strong>ENTRE TORMENTAS. <\/strong>Este 25 de febrero, el Programa de Becas Dr. Jes\u00fas Enrique Lossada (JEL) celebrar\u00e1 con orgullo su vig\u00e9simo primer aniversario, consolid\u00e1ndose como una de las iniciativas m\u00e1s significativas para el desarrollo acad\u00e9mico y profesional de los j\u00f3venes en el Zulia y el pa\u00eds.<\/p>\n\n\n\n<p>A lo largo de estas dos d\u00e9cadas, miles de j\u00f3venes han tenido la oportunidad de acceder a formaci\u00f3n de calidad, gracias a las becas otorgadas a distintas universidades privadas y a la Universidad del Zulia (LUZ), marcando una verdadera diferencia en el futuro de la regi\u00f3n.<\/p>\n\n\n\n<p>La idea original de este Programa naci\u00f3 de la visi\u00f3n del gobernador Manuel Rosales Guerrero, quien, en su compromiso con la educaci\u00f3n y el bienestar de los j\u00f3venes, impuls\u00f3 la creaci\u00f3n de esta fundaci\u00f3n que ha sido un pilar en la comunidad zuliana. Desde sus inicios, el JEL ha logrado transformar la vida de miles de estudiantes, proporcion\u00e1ndoles la posibilidad de acceder a una educaci\u00f3n superior y fortalecer sus capacidades en diversas \u00e1reas del conocimiento.<\/p>\n\n\n\n<p>En los \u00faltimos a\u00f1os, el Programa ha evolucionado para adaptarse a los retos del siglo XXI. En 2022, con la creaci\u00f3n del Cap\u00edtulo III, Plataforma Educativa Virtual, el JEL se posicion\u00f3 como pionero en la implementaci\u00f3n de cursos enfocados en las nuevas tecnolog\u00edas, brindando a los j\u00f3venes zulianos la oportunidad de formarse en \u00e1reas cruciales para su desarrollo profesional. Estas nuevas plataformas hansido claves para garantizar que los estudiantes contin\u00faen su formaci\u00f3n a pesar de las barreras f\u00edsicas o econ\u00f3micas.<\/p>\n\n\n\n<p>La Mgtr. Elba Mart\u00ednez, presidenta del Programa de Becas Dr. Jes\u00fas Enrique Lossada, destac\u00f3 la gran labor realizada en estos 21 a\u00f1os de arduo trabajo. \u201cEs un honor ver c\u00f3mo el JEL ha impactado la vida de miles de j\u00f3venes y c\u00f3mo, con el apoyo del gobernador Manuel Rosales, hemos podido hacer realidad el sue\u00f1o de miles de estudiantes de acceder a la educaci\u00f3n superior. Cada beca otorgada es una historia de esfuerzo, sacrificio y superaci\u00f3n\u201d, afirm\u00f3 Mart\u00ednez.<\/p>\n\n\n\n<p>La presidenta del JEL tambi\u00e9n envi\u00f3 un mensaje de esperanza y motivaci\u00f3n para los j\u00f3venes que siguen apostando por la educaci\u00f3n como la llave para su crecimiento personal y profesional: \u201cA todos los j\u00f3venes que hoy siguen so\u00f1ando con un futuro mejor, les quiero decir que nunca dejen de luchar por sus metas. En el JEL seguimos comprometidos con ustedes y con el progreso de nuestra regi\u00f3n. La educaci\u00f3n es el motor que mueve el cambio y, juntos, vamos a seguir construyendo un futuro lleno de oportunidades\u201d.<\/p>\n\n\n\n<p>Con motivo de este importante aniversario, el Programa de Becas Dr. Jes\u00fas Enrique Lossada llevar\u00e1 a cabo una eucarist\u00eda este 25 de febrero a las 10:00 a.m. , en la Bas\u00edlica de Nuestra Se\u00f1ora de Chiquinquir\u00e1, para conmemorar el legado, la dedicaci\u00f3n y el amor por la educaci\u00f3n que ha caracterizado a esta fundaci\u00f3n a lo largo de los a\u00f1os. La eucarist\u00eda ser\u00e1 un momento para reflexionar sobre el impacto del Programa en la vida de miles de j\u00f3venes y agradecer a quienes han sido parte de esta gran familia.<\/p>\n\n\n\n<p>Con la mirada puesta en el futuro, el JEL continuar\u00e1 creciendo, adapt\u00e1ndose a los nuevos tiempos y manteniendo su compromiso de transformar vidas. Con fe, dedicaci\u00f3n y el apoyo de todos, el Programa seguir\u00e1 siendo un motor de cambio para los j\u00f3venes zulianos, promoviendo la educaci\u00f3n como la clave para un futuro lleno de esperanza, progreso y \u00e9xito.<br><strong><em>ET \/ Nota de Prensa<\/em><\/strong><\/p>\n\n\n\n<p><\/p>\n","protected":false},"excerpt":{"rendered":"<p>ENTRE TORMENTAS. Este 25 de febrero, el Programa de Becas Dr. Jes\u00fas Enrique Lossada (JEL)&#8230;<\/p>\n","protected":false},"author":2,"featured_media":13447,"comment_status":"closed","ping_status":"open","sticky":false,"template":"","format":"standard","meta":{"footnotes":""},"categories":[57,1],"tags":[],"class_list":["post-13444","post","type-post","status-publish","format-standard","has-post-thumbnail","hentry","category-actualidad","category-regionales"],"_links":{"self":[{"href":"https:\/\/entretormentas.com\/index.php?rest_route=\/wp\/v2\/posts\/13444","targetHints":{"allow":["GET"]}}],"collection":[{"href":"https:\/\/entretormentas.com\/index.php?rest_route=\/wp\/v2\/posts"}],"about":[{"href":"https:\/\/entretormentas.com\/index.php?rest_route=\/wp\/v2\/types\/post"}],"author":[{"embeddable":true,"href":"https:\/\/entretormentas.com\/index.php?rest_route=\/wp\/v2\/users\/2"}],"replies":[{"embeddable":true,"href":"https:\/\/entretormentas.com\/index.php?rest_route=%2Fwp%2Fv2%2Fcomments&post=13444"}],"version-history":[{"count":1,"href":"https:\/\/entretormentas.com\/index.php?rest_route=\/wp\/v2\/posts\/13444\/revisions"}],"predecessor-version":[{"id":13448,"href":"https:\/\/entretormentas.com\/index.php?rest_route=\/wp\/v2\/posts\/13444\/revisions\/13448"}],"wp:featuredmedia":[{"embeddable":true,"href":"https:\/\/entretormentas.com\/index.php?rest_route=\/wp\/v2\/media\/13447"}],"wp:attachment":[{"href":"https:\/\/entretormentas.com\/index.php?rest_route=%2Fwp%2Fv2%2Fmedia&parent=13444"}],"wp:term":[{"taxonomy":"category","embeddable":true,"href":"https:\/\/entretormentas.com\/index.php?rest_route=%2Fwp%2Fv2%2Fcategories&post=13444"},{"taxonomy":"post_tag","embeddable":true,"href":"https:\/\/entretormentas.com\/index.php?rest_route=%2Fwp%2Fv2%2Ftags&post=13444"}],"curies":[{"name":"wp","href":"https:\/\/api.w.org\/{rel}","templated":true}]}}