{"id":13449,"date":"2025-02-25T09:29:20","date_gmt":"2025-02-25T08:29:20","guid":{"rendered":"https:\/\/entretormentas.com\/?p=13449"},"modified":"2025-02-25T09:29:21","modified_gmt":"2025-02-25T08:29:21","slug":"accion-esperada-alcaldia-inicia-nueva-frecuencia-de-recoleccion-3x3-en-maracaibo","status":"publish","type":"post","link":"https:\/\/entretormentas.com\/accion-esperada-alcaldia-inicia-nueva-frecuencia-de-recoleccion-3x3-en-maracaibo\/","title":{"rendered":"\u00a1ACCI\u00d3N ESPERADA! Alcald\u00eda inicia nueva frecuencia de recolecci\u00f3n 3&#215;3 en Maracaibo"},"content":{"rendered":"\n<p><strong>ENTRE TORMENTAS. <\/strong>La Alcald\u00eda de Maracaibo, a trav\u00e9s del Instituto Municipal del Ambiente Urbano (IMAU), inici\u00f3 la nueva frecuencia de recolecci\u00f3n 3&#215;3. Desde las instalaciones de RECIMARA a las 6.30 de la ma\u00f1ana, una flota de camiones y gandolas iniciaron sus operaciones y salieron a las calles de la ciudad para realizar su nuevo recorrido.<\/p>\n\n\n\n<figure class=\"wp-block-image size-large\"><img fetchpriority=\"high\" decoding=\"async\" width=\"576\" height=\"1024\" src=\"https:\/\/entretormentas.com\/wp-content\/uploads\/2025\/02\/image-196-576x1024.png\" alt=\"\" class=\"wp-image-13452\" srcset=\"https:\/\/entretormentas.com\/wp-content\/uploads\/2025\/02\/image-196-576x1024.png 576w, https:\/\/entretormentas.com\/wp-content\/uploads\/2025\/02\/image-196-169x300.png 169w, https:\/\/entretormentas.com\/wp-content\/uploads\/2025\/02\/image-196.png 720w\" sizes=\"(max-width: 576px) 100vw, 576px\" \/><\/figure>\n\n\n\n<p>El plan arranca con ocho parroquias: Juana de \u00c1vila, Luis Hurtado Higuera, Francisco Eugenio Bustamante, Olegario Villalobos, Cristo de Aranza, Venancio Pulgar, Manuel Dagnino y San Isidro, para estas parroquias la recolecci\u00f3n son los d\u00edas lunes mi\u00e9rcoles y viernes.<\/p>\n\n\n\n<p>Los d\u00edas martes, jueves y s\u00e1bado se atender\u00e1n las 10 parroquias restantes: Coquivacoa, Idelfonso V\u00e1squez, Carracciolo Parra P\u00e9rez, Ra\u00fal Leoni, Chiquinquir\u00e1, Santa Luc\u00eda, Bol\u00edvar, Cacique, Mara, Cecilio Acosta y Antonio Borjas Romero.<\/p>\n\n\n\n<figure class=\"wp-block-image size-large\"><img decoding=\"async\" width=\"576\" height=\"1024\" src=\"https:\/\/entretormentas.com\/wp-content\/uploads\/2025\/02\/image-197-576x1024.png\" alt=\"\" class=\"wp-image-13453\" srcset=\"https:\/\/entretormentas.com\/wp-content\/uploads\/2025\/02\/image-197-576x1024.png 576w, https:\/\/entretormentas.com\/wp-content\/uploads\/2025\/02\/image-197-169x300.png 169w, https:\/\/entretormentas.com\/wp-content\/uploads\/2025\/02\/image-197.png 720w\" sizes=\"(max-width: 576px) 100vw, 576px\" \/><\/figure>\n\n\n\n<p>\u201cIniciamos nuestras operaciones trisemanales hoy 24 de febrero, este plan que atender\u00e1 las 18 parroquias tres veces por semana. Recordamos que los d\u00edas domingo no habr\u00e1 recolecci\u00f3n domiciliaria, solamente ser\u00e1n atendidos los corredores viales, la ruta hospitalaria y la ruta comercial que son recolecciones diarias\u201d, se\u00f1al\u00f3 Adri\u00e1n Romero Mart\u00ednez, durante la inspecci\u00f3n de inicio de las operaciones.<\/p>\n\n\n\n<p>Por su parte, Marcos Rivero, presidente del IMAU, record\u00f3 que este plan vuelve a implementarse por primera vez en m\u00e1s de 30 a\u00f1os. \u201cSiempre ha sido bisemanal o una vez por semana. Este plan que se va a iniciar es distinto y auguramos que d\u00e9 buenos resultados para que la ciudad est\u00e9 m\u00e1s limpia de lo que actualmente est\u00e1, tenemos un porcentaje de efectividad de recolecci\u00f3n por encima del 90% en todas las parroquias y si contamos con el apoyo de la comunidad que saque la basura el d\u00eda que le toca y de forma ordena este plan va a dar buenos resultados\u201d.<br><strong><em>ET \/ DCI Alcald\u00eda de Maracaibo<\/em><\/strong><\/p>\n","protected":false},"excerpt":{"rendered":"<p>ENTRE TORMENTAS. La Alcald\u00eda de Maracaibo, a trav\u00e9s del Instituto Municipal del Ambiente Urbano (IMAU),&#8230;<\/p>\n","protected":false},"author":2,"featured_media":13456,"comment_status":"closed","ping_status":"open","sticky":false,"template":"","format":"standard","meta":{"footnotes":""},"categories":[57,1],"tags":[],"class_list":["post-13449","post","type-post","status-publish","format-standard","has-post-thumbnail","hentry","category-actualidad","category-regionales"],"_links":{"self":[{"href":"https:\/\/entretormentas.com\/index.php?rest_route=\/wp\/v2\/posts\/13449","targetHints":{"allow":["GET"]}}],"collection":[{"href":"https:\/\/entretormentas.com\/index.php?rest_route=\/wp\/v2\/posts"}],"about":[{"href":"https:\/\/entretormentas.com\/index.php?rest_route=\/wp\/v2\/types\/post"}],"author":[{"embeddable":true,"href":"https:\/\/entretormentas.com\/index.php?rest_route=\/wp\/v2\/users\/2"}],"replies":[{"embeddable":true,"href":"https:\/\/entretormentas.com\/index.php?rest_route=%2Fwp%2Fv2%2Fcomments&post=13449"}],"version-history":[{"count":1,"href":"https:\/\/entretormentas.com\/index.php?rest_route=\/wp\/v2\/posts\/13449\/revisions"}],"predecessor-version":[{"id":13457,"href":"https:\/\/entretormentas.com\/index.php?rest_route=\/wp\/v2\/posts\/13449\/revisions\/13457"}],"wp:featuredmedia":[{"embeddable":true,"href":"https:\/\/entretormentas.com\/index.php?rest_route=\/wp\/v2\/media\/13456"}],"wp:attachment":[{"href":"https:\/\/entretormentas.com\/index.php?rest_route=%2Fwp%2Fv2%2Fmedia&parent=13449"}],"wp:term":[{"taxonomy":"category","embeddable":true,"href":"https:\/\/entretormentas.com\/index.php?rest_route=%2Fwp%2Fv2%2Fcategories&post=13449"},{"taxonomy":"post_tag","embeddable":true,"href":"https:\/\/entretormentas.com\/index.php?rest_route=%2Fwp%2Fv2%2Ftags&post=13449"}],"curies":[{"name":"wp","href":"https:\/\/api.w.org\/{rel}","templated":true}]}}