{"id":13458,"date":"2025-02-25T09:35:15","date_gmt":"2025-02-25T08:35:15","guid":{"rendered":"https:\/\/entretormentas.com\/?p=13458"},"modified":"2025-02-25T09:35:16","modified_gmt":"2025-02-25T08:35:16","slug":"recuperacion-integral-alcaldia-de-san-francisco-rehabilita-la-calle-162-del-corredor-vial-don-bosco","status":"publish","type":"post","link":"https:\/\/entretormentas.com\/recuperacion-integral-alcaldia-de-san-francisco-rehabilita-la-calle-162-del-corredor-vial-don-bosco\/","title":{"rendered":"\u00a1RECUPERACI\u00d3N INTEGRAL! Alcald\u00eda de San Francisco rehabilita la calle 162 del corredor vial Don Bosco"},"content":{"rendered":"\n<p><strong>ENTRE TORMENTAS. <\/strong>La alcald\u00eda del municipio San Francisco rehabilit\u00f3 integralmente la calle 162 del corredor vial Don Bosco, con reasfaltado en la vialidad, hasta la avenida 36, en la parroquia San Francisco.<\/p>\n\n\n\n<p>\u00abEsta importante obra forma parte del Plan de Reasfaltado y modernizaci\u00f3n vial San Francisco 2025, que incluy\u00f3 el bacheo de la calle 161, bajo la coordinaci\u00f3n de las gerencias de operaciones e infraestructura, beneficiando no s\u00f3lo a la comunidad en general, escolar, conductores particulares, sino tambi\u00e9n a las distintas l\u00edneas de transporte p\u00fablico que circulan por estas transitadas v\u00edas, impulsando adem\u00e1s al desarrollo comercial del municipio\u00bb, resalt\u00f3 el jefe del gobierno local.<\/p>\n\n\n\n<figure class=\"wp-block-image size-large\"><img fetchpriority=\"high\" decoding=\"async\" width=\"1024\" height=\"702\" src=\"https:\/\/entretormentas.com\/wp-content\/uploads\/2025\/02\/image-202-1024x702.png\" alt=\"\" class=\"wp-image-13461\" srcset=\"https:\/\/entretormentas.com\/wp-content\/uploads\/2025\/02\/image-202-1024x702.png 1024w, https:\/\/entretormentas.com\/wp-content\/uploads\/2025\/02\/image-202-300x206.png 300w, https:\/\/entretormentas.com\/wp-content\/uploads\/2025\/02\/image-202-768x526.png 768w, https:\/\/entretormentas.com\/wp-content\/uploads\/2025\/02\/image-202.png 1080w\" sizes=\"(max-width: 1024px) 100vw, 1024px\" \/><\/figure>\n\n\n\n<p>Para el reacondicionamiento del corredor vial, se destinaron 2 mil 500 toneladas de mezcla asf\u00e1ltica en caliente tipo III, 5 kil\u00f3metros de l\u00edneas blancas continuas, colocaci\u00f3n de 700 unidades reflectoras (ojos de gato) reparaci\u00f3n y pintura de brocales.<\/p>\n\n\n\n<p>De igual manera se realizaron trabajos de reparaci\u00f3n de fugas de aguas blancas y residuales, as\u00ed como tambi\u00e9n la adecuaci\u00f3n del sistema de drenajes para garantizar el correcto flujo de las aguas pluviales. Aunado a esto, el ayuntamiento municipal ha venido recuperando progresivamente los sem\u00e1foros en la entidad sure\u00f1a, para mantener el control veh\u00edcular.<\/p>\n\n\n\n<p><strong>Con estos nuevos trabajos, ser\u00edan 12 los corredores viales que han sido recuperados totalmente, entre ellos podemos mencionar:<\/strong><\/p>\n\n\n\n<p>2021<\/p>\n\n\n\n<ul class=\"wp-block-list\">\n<li>Avenida 5 de San Francisco desde la Plaza de las Banderas hasta la Iglesia del Padre V\u00edlchez (Parroquias San Francisco y Francisco Ochoa).<\/li>\n\n\n\n<li>Avenida 10 de Sierra Maestra desde el Palacio de los Deportes de Combate, hasta la calle 18 ( Parroquia Francisco Ochoa ).<\/li>\n<\/ul>\n\n\n\n<p>2022<\/p>\n\n\n\n<ul class=\"wp-block-list\">\n<li>Calle 158 de la Urbanizaci\u00f3n San Francisco, desde la avenida 5 hasta la avenida 40 (Parroquia San Francisco)<\/li>\n\n\n\n<li>Calle 200 de la Urbanizacion El Sam\u00e1n, desde la avenida 50 hasta la avenida 48 (Parroquia Jos\u00e9 Domingo Rus).<\/li>\n<\/ul>\n\n\n\n<p>2023<\/p>\n\n\n\n<ul class=\"wp-block-list\">\n<li>Calle 10 (Uni\u00f3n) de Sierra Maestra entre avenida 50 y avenida 23 (Parroquia Francisco Ochoa).<\/li>\n\n\n\n<li>Calle 22 de San Ram\u00f3n entre avenida 40 y avenida 5 (Parroquia San Francisco).<\/li>\n\n\n\n<li>Calle 171 de la Urbanizaci\u00f3n La Coromoto, (Parroquia San Francisco).<\/li>\n\n\n\n<li>Calle 165 entre avenidas 48 y 49B (Parroquia Domitila Flores).<\/li>\n\n\n\n<li>Calle 200 (Che Guevara) entre avenidas 48 y 49F en Fundabarrios (Parroquia Jos\u00e9 Domingo Rus).<\/li>\n<\/ul>\n\n\n\n<p>2024<\/p>\n\n\n\n<ul class=\"wp-block-list\">\n<li>Avenida 1 calle 32 desde el Palacio de los Deportes de Combate, hasta la circunvalaci\u00f3n 1 (Parroquia San Francisco).<\/li>\n\n\n\n<li>Avenida 10 de la Urbanizaci\u00f3n San Felipe, hasta la avenida 48 de la carretera, v\u00eda a la Ca\u00f1ada de Urdaneta (Parroquia San Francisco).<\/li>\n<\/ul>\n\n\n\n<p>Residentes de la zona remozada manifestaron su complacencia por la ejecuci\u00f3n de esta importante obra, que se mantuvo en completo abandono por administraciones anteriores, al tiempo que exhortaron a los ciudadanos, a cuidar estos espacios y denunciar ante los organismos competentes, el bote indiscriminado de aguas blancas, que causan da\u00f1o al pavimento.<\/p>\n\n\n\n<p>El alcalde Gustavo Fern\u00e1ndez contin\u00faa trabajando en favor de las comunidades, recuperando la vialidad, semaforizaci\u00f3n, entre otros aspectos que garanticen la seguridad vial y peatonal, contribuyendo con la modernizaci\u00f3n y embellecimiento de las zonas urbanas de San Francisco.<br><strong><em>ET \/ Alcald\u00eda de San Francisco<\/em><\/strong><\/p>\n\n\n\n<p><\/p>\n","protected":false},"excerpt":{"rendered":"<p>ENTRE TORMENTAS. La alcald\u00eda del municipio San Francisco rehabilit\u00f3 integralmente la calle 162 del corredor&#8230;<\/p>\n","protected":false},"author":2,"featured_media":13459,"comment_status":"closed","ping_status":"open","sticky":false,"template":"","format":"standard","meta":{"footnotes":""},"categories":[57,1],"tags":[],"class_list":["post-13458","post","type-post","status-publish","format-standard","has-post-thumbnail","hentry","category-actualidad","category-regionales"],"_links":{"self":[{"href":"https:\/\/entretormentas.com\/index.php?rest_route=\/wp\/v2\/posts\/13458","targetHints":{"allow":["GET"]}}],"collection":[{"href":"https:\/\/entretormentas.com\/index.php?rest_route=\/wp\/v2\/posts"}],"about":[{"href":"https:\/\/entretormentas.com\/index.php?rest_route=\/wp\/v2\/types\/post"}],"author":[{"embeddable":true,"href":"https:\/\/entretormentas.com\/index.php?rest_route=\/wp\/v2\/users\/2"}],"replies":[{"embeddable":true,"href":"https:\/\/entretormentas.com\/index.php?rest_route=%2Fwp%2Fv2%2Fcomments&post=13458"}],"version-history":[{"count":1,"href":"https:\/\/entretormentas.com\/index.php?rest_route=\/wp\/v2\/posts\/13458\/revisions"}],"predecessor-version":[{"id":13463,"href":"https:\/\/entretormentas.com\/index.php?rest_route=\/wp\/v2\/posts\/13458\/revisions\/13463"}],"wp:featuredmedia":[{"embeddable":true,"href":"https:\/\/entretormentas.com\/index.php?rest_route=\/wp\/v2\/media\/13459"}],"wp:attachment":[{"href":"https:\/\/entretormentas.com\/index.php?rest_route=%2Fwp%2Fv2%2Fmedia&parent=13458"}],"wp:term":[{"taxonomy":"category","embeddable":true,"href":"https:\/\/entretormentas.com\/index.php?rest_route=%2Fwp%2Fv2%2Fcategories&post=13458"},{"taxonomy":"post_tag","embeddable":true,"href":"https:\/\/entretormentas.com\/index.php?rest_route=%2Fwp%2Fv2%2Ftags&post=13458"}],"curies":[{"name":"wp","href":"https:\/\/api.w.org\/{rel}","templated":true}]}}