{"id":13464,"date":"2025-02-25T09:38:43","date_gmt":"2025-02-25T08:38:43","guid":{"rendered":"https:\/\/entretormentas.com\/?p=13464"},"modified":"2025-02-25T09:38:44","modified_gmt":"2025-02-25T08:38:44","slug":"secretario-general-del-mas-lo-que-le-conviene-al-pais-es-la-participacion-electoral","status":"publish","type":"post","link":"https:\/\/entretormentas.com\/secretario-general-del-mas-lo-que-le-conviene-al-pais-es-la-participacion-electoral\/","title":{"rendered":"SECRETARIO GENERAL DEL MAS: \u00abLo que le conviene al pa\u00eds es la participaci\u00f3n electoral\u00bb"},"content":{"rendered":"\n<p><strong>ENTRE TORMENTAS. <\/strong>Por considerarlo imprescindible, el secretario general del MAS, Felipe Mujica, anunci\u00f3 que esta tolda pol\u00edtica participar\u00e1 en el proceso electoral del domingo 25 de mayo, decisi\u00f3n tomada por mayor\u00eda luego de un amplio debate interno.<\/p>\n\n\n\n<p>\u00abNecesitamos una visi\u00f3n mucho m\u00e1s amplia para la elecci\u00f3n de diputados a la Asamblea Nacional, gobernadores de estado y miembros de los consejos legislativos, enmarcada en la edificaci\u00f3n de un referente pol\u00edtico y en la presentaci\u00f3n de un plan nacional.\u00bb<\/p>\n\n\n\n<p>Indic\u00f3 que un proyecto de tal naturaleza requiere de una firme toma de decisiones para la presentaci\u00f3n de diversas soluciones a los problemas sociales y econ\u00f3micos que afectan diariamente a los ciudadanos.<\/p>\n\n\n\n<p>\u00abPor la v\u00eda pac\u00edfica y electoral se puede producir un cambio, pero debe ser construido por todos los venezolanos\u00bb.<\/p>\n\n\n\n<p>Mujica agreg\u00f3 que la decisi\u00f3n del MAS de participar en los pr\u00f3ximos comicios obedece tambi\u00e9n a la necesidad de construir en el campo de la oposici\u00f3n democr\u00e1tica \u00abuna suerte de unidad perfecta\u00bb que implique la postulaci\u00f3n de un solo candidato para gobernador y no de 4 o 5.<\/p>\n\n\n\n<p>Recalc\u00f3 que entre los aspirantes debe seleccionarse el mejor de los candidatos para ofrecerle al pa\u00eds 24 candidatos a las distintas gobernaciones.<\/p>\n\n\n\n<p>Felipe Mujica destac\u00f3 que un importante grupo de organizaciones pol\u00edticas trabaja en ello, as\u00ed como para los cargos de diputados al parlamento y de los consejos legislativos.<\/p>\n\n\n\n<p>\u00abLa idea es que haya una lista nacional \u00fanica a fin de que el elector, al momento de votar, tenga claramente ubicada en el tarjet\u00f3n la opci\u00f3n previamente acordada, tal como ocurri\u00f3 el pasado 28 de julio\u00bb.<\/p>\n\n\n\n<p>El secretario del MAS insisti\u00f3 en que el proyecto nacional debe garantizar el ejercicio de la democracia y del pluralismo, teniendo como norte la soluci\u00f3n a los problemas de la poblaci\u00f3n.<\/p>\n\n\n\n<p>Asegur\u00f3 que el MAS ha coincidido con los planteamientos formulados por un grupo importante de organizaciones pol\u00edticas e individualidades, como Acci\u00f3n Democr\u00e1tica (en resistencia), Un Nuevo Tiempo, Puente, Uni\u00f3n y Progreso, Centrados, Movimiento por Venezuela, Cambio en Paz, Primero Justicia (de Henrique Capriles), Henri Falc\u00f3n y otros factores independientes.<\/p>\n\n\n\n<p>\u201cVenimos conversando desde antes del 28 de julio porque somos partidarios del voto, independientemente de las diferencias que existan. Queremos aterrizar en una proposici\u00f3n global\u201d.<\/p>\n\n\n\n<p>Mujica hizo hincapi\u00e9 en que la elecci\u00f3n presidencial evidenci\u00f3 una clara mayor\u00eda, independientemente de lo que pas\u00f3 despu\u00e9s.<\/p>\n\n\n\n<p>\u00abSi abandonamos la v\u00eda electoral, debemos preguntarnos: \u00bfQu\u00e9 hago despu\u00e9s de no votar? \u00bfMe quedo mirando el techo? A\u00fan no hemos podido defender el resultado del 28-J, pero esto no significa que tengamos que desechar un derecho pol\u00edtico. El problema no es lo que haga el adversario, sino lo que hagas t\u00fa para conquistar los espacios\u00bb.<\/p>\n\n\n\n<p>Con respecto a la inhabilitaci\u00f3n de la tarjeta del MAS, record\u00f3 que no hay justificaci\u00f3n alguna desde el punto de vista legal, sino una arbitrariedad pol\u00edtica.<\/p>\n\n\n\n<p>\u00abA estas alturas, el Consejo Nacional Electoral no se ha pronunciado sobre el estatus de la tarjeta del MAS y de otros partidos pol\u00edticos. Seguimos esperando\u00bb, finaliz\u00f3.<br><strong><em>ET \/ Prensa MAS<\/em><\/strong><\/p>\n\n\n\n<p><\/p>\n","protected":false},"excerpt":{"rendered":"<p>ENTRE TORMENTAS. Por considerarlo imprescindible, el secretario general del MAS, Felipe Mujica, anunci\u00f3 que esta&#8230;<\/p>\n","protected":false},"author":2,"featured_media":13466,"comment_status":"closed","ping_status":"open","sticky":false,"template":"","format":"standard","meta":{"footnotes":""},"categories":[56,49],"tags":[],"class_list":["post-13464","post","type-post","status-publish","format-standard","has-post-thumbnail","hentry","category-destacadas","category-nacionales"],"_links":{"self":[{"href":"https:\/\/entretormentas.com\/index.php?rest_route=\/wp\/v2\/posts\/13464","targetHints":{"allow":["GET"]}}],"collection":[{"href":"https:\/\/entretormentas.com\/index.php?rest_route=\/wp\/v2\/posts"}],"about":[{"href":"https:\/\/entretormentas.com\/index.php?rest_route=\/wp\/v2\/types\/post"}],"author":[{"embeddable":true,"href":"https:\/\/entretormentas.com\/index.php?rest_route=\/wp\/v2\/users\/2"}],"replies":[{"embeddable":true,"href":"https:\/\/entretormentas.com\/index.php?rest_route=%2Fwp%2Fv2%2Fcomments&post=13464"}],"version-history":[{"count":1,"href":"https:\/\/entretormentas.com\/index.php?rest_route=\/wp\/v2\/posts\/13464\/revisions"}],"predecessor-version":[{"id":13467,"href":"https:\/\/entretormentas.com\/index.php?rest_route=\/wp\/v2\/posts\/13464\/revisions\/13467"}],"wp:featuredmedia":[{"embeddable":true,"href":"https:\/\/entretormentas.com\/index.php?rest_route=\/wp\/v2\/media\/13466"}],"wp:attachment":[{"href":"https:\/\/entretormentas.com\/index.php?rest_route=%2Fwp%2Fv2%2Fmedia&parent=13464"}],"wp:term":[{"taxonomy":"category","embeddable":true,"href":"https:\/\/entretormentas.com\/index.php?rest_route=%2Fwp%2Fv2%2Fcategories&post=13464"},{"taxonomy":"post_tag","embeddable":true,"href":"https:\/\/entretormentas.com\/index.php?rest_route=%2Fwp%2Fv2%2Ftags&post=13464"}],"curies":[{"name":"wp","href":"https:\/\/api.w.org\/{rel}","templated":true}]}}