{"id":13468,"date":"2025-02-25T09:41:30","date_gmt":"2025-02-25T08:41:30","guid":{"rendered":"https:\/\/entretormentas.com\/?p=13468"},"modified":"2025-02-25T09:41:31","modified_gmt":"2025-02-25T08:41:31","slug":"embajada-a-oscuras-asilados-piden-a-argentina-y-brasil-acelerar-gestiones-para-restablecer-la-electricidad","status":"publish","type":"post","link":"https:\/\/entretormentas.com\/embajada-a-oscuras-asilados-piden-a-argentina-y-brasil-acelerar-gestiones-para-restablecer-la-electricidad\/","title":{"rendered":"\u00a1EMBAJADA A OSCURAS! Asilados piden a Argentina y Brasil acelerar gestiones para restablecer la electricidad"},"content":{"rendered":"\n<p><strong>ENTRE TORMENTAS.<\/strong> Los cinco asilados en la sede de la Embajada Argentina en Caracas piden a los gobiernos de Argentina y Brasil acelerar las gestiones para restablecer la electricidad en el lugar. Este martes 25 de febrero se cumple una semana del colapso de la planta el\u00e9ctrica.<\/p>\n\n\n\n<p>Tambi\u00e9n exhortan a la comunidad internacional y al cuerpo diplom\u00e1tico acreditado en el pa\u00eds \u00aba ejercer la presi\u00f3n necesaria para que se otorguen los salvoconductos para los opositores resguardados\u00bb, as\u00ed como constatar f\u00edsicamente la situaci\u00f3n en el recinto diplom\u00e1tico.<\/p>\n\n\n\n<p>Los asilados en la Embajada de Argentina, todos vinculados a la organizaci\u00f3n pol\u00edtica Vente Venezuela, son: Claudia Macero, Magalli Meda, Pedro Urruchurtu, Humberto Villalobos y Omar Gonz\u00e1lez, quienes afirman tener \u00abuna conexi\u00f3n m\u00ednima gracias a un ventilador con panel solar que les permite cargar \u2014uno a uno y por separado\u2014 los celulares\u00bb.<\/p>\n\n\n\n<p>Estas personas tambi\u00e9n invitaron a la Nunciatura Apost\u00f3lica y a la Cruz Roja Internacional \u00aba interceder con sus oficios en este conflicto para evitar una tragedia mayor y alcanzar una soluci\u00f3n segura para los asilados\u00bb.<br><strong><em>ET \/ Agencias<\/em><\/strong><\/p>\n","protected":false},"excerpt":{"rendered":"<p>ENTRE TORMENTAS. Los cinco asilados en la sede de la Embajada Argentina en Caracas piden&#8230;<\/p>\n","protected":false},"author":2,"featured_media":13469,"comment_status":"closed","ping_status":"open","sticky":false,"template":"","format":"standard","meta":{"footnotes":""},"categories":[56,49],"tags":[],"class_list":["post-13468","post","type-post","status-publish","format-standard","has-post-thumbnail","hentry","category-destacadas","category-nacionales"],"_links":{"self":[{"href":"https:\/\/entretormentas.com\/index.php?rest_route=\/wp\/v2\/posts\/13468","targetHints":{"allow":["GET"]}}],"collection":[{"href":"https:\/\/entretormentas.com\/index.php?rest_route=\/wp\/v2\/posts"}],"about":[{"href":"https:\/\/entretormentas.com\/index.php?rest_route=\/wp\/v2\/types\/post"}],"author":[{"embeddable":true,"href":"https:\/\/entretormentas.com\/index.php?rest_route=\/wp\/v2\/users\/2"}],"replies":[{"embeddable":true,"href":"https:\/\/entretormentas.com\/index.php?rest_route=%2Fwp%2Fv2%2Fcomments&post=13468"}],"version-history":[{"count":1,"href":"https:\/\/entretormentas.com\/index.php?rest_route=\/wp\/v2\/posts\/13468\/revisions"}],"predecessor-version":[{"id":13470,"href":"https:\/\/entretormentas.com\/index.php?rest_route=\/wp\/v2\/posts\/13468\/revisions\/13470"}],"wp:featuredmedia":[{"embeddable":true,"href":"https:\/\/entretormentas.com\/index.php?rest_route=\/wp\/v2\/media\/13469"}],"wp:attachment":[{"href":"https:\/\/entretormentas.com\/index.php?rest_route=%2Fwp%2Fv2%2Fmedia&parent=13468"}],"wp:term":[{"taxonomy":"category","embeddable":true,"href":"https:\/\/entretormentas.com\/index.php?rest_route=%2Fwp%2Fv2%2Fcategories&post=13468"},{"taxonomy":"post_tag","embeddable":true,"href":"https:\/\/entretormentas.com\/index.php?rest_route=%2Fwp%2Fv2%2Ftags&post=13468"}],"curies":[{"name":"wp","href":"https:\/\/api.w.org\/{rel}","templated":true}]}}