{"id":13474,"date":"2025-02-25T09:45:57","date_gmt":"2025-02-25T08:45:57","guid":{"rendered":"https:\/\/entretormentas.com\/?p=13474"},"modified":"2025-02-25T09:45:58","modified_gmt":"2025-02-25T08:45:58","slug":"nueva-medida-ministerio-de-educacion-prohibe-eleccion-de-reinas-de-carnaval-en-las-escuelas","status":"publish","type":"post","link":"https:\/\/entretormentas.com\/nueva-medida-ministerio-de-educacion-prohibe-eleccion-de-reinas-de-carnaval-en-las-escuelas\/","title":{"rendered":"\u00a1NUEVA MEDIDA! Ministerio de Educaci\u00f3n proh\u00edbe elecci\u00f3n de Reinas de Carnaval en las escuelas"},"content":{"rendered":"\n<p><strong>ENTRE TORMENTAS. <\/strong>El Ministerio de Educaci\u00f3n de Venezuela, bajo la direcci\u00f3n del Ministro H\u00e9ctor Rodr\u00edguez, ha emitido un comunicado (Bolet\u00edn 16) que proh\u00edbe la elecci\u00f3n de reinas de carnaval en las instituciones educativas de todo el pa\u00eds. Esta decisi\u00f3n busca abordar preocupaciones sobre la violencia y el sexismo que pueden surgir de estas pr\u00e1cticas.<\/p>\n\n\n\n<p>En el bolet\u00edn, Rodr\u00edguez califica las elecciones de reinas de carnaval como un acto \u201cnefasto\u201d que representa una forma de violencia contra ni\u00f1as y j\u00f3venes, advirtiendo que estas actividades pueden derivar en situaciones de violencia f\u00edsica y sexual. La medida responde a un aumento en los casos de abuso a menores, especialmente a trav\u00e9s de diversas redes sociales.<\/p>\n\n\n\n<p>El Ministro hizo un llamado a la comunidad educativa, incluyendo a padres y representantes, para que se unan en la protecci\u00f3n de los menores, enfatizando que \u201cestas pr\u00e1cticas tienen un impacto negativo en ni\u00f1as y adolescentes\u201d, y reflejan un problema de sexismo en la sociedad que necesita ser abordado.<\/p>\n\n\n\n<p>A pesar de la prohibici\u00f3n, Rodr\u00edguez inst\u00f3 a los docentes a encontrar formas creativas y educativas de vincular las festividades de Carnaval con el contenido acad\u00e9mico, fomentando un ambiente de aprendizaje que respete y valore a todos los estudiantes.<\/p>\n\n\n\n<p>La decisi\u00f3n ha sido recibida con opiniones diversas. Mientras algunos celebran la medida como un paso hacia la protecci\u00f3n de los derechos de las ni\u00f1as, otros cuestionan la eliminaci\u00f3n de una tradici\u00f3n cultural que ha sido parte de la celebraci\u00f3n del Carnaval en las escuelas, rese\u00f1a El Informador.<br><strong><em>ET \/ Agencias<\/em><\/strong><\/p>\n\n\n\n<p><\/p>\n","protected":false},"excerpt":{"rendered":"<p>ENTRE TORMENTAS. El Ministerio de Educaci\u00f3n de Venezuela, bajo la direcci\u00f3n del Ministro H\u00e9ctor Rodr\u00edguez,&#8230;<\/p>\n","protected":false},"author":2,"featured_media":13475,"comment_status":"closed","ping_status":"open","sticky":false,"template":"","format":"standard","meta":{"footnotes":""},"categories":[56,49],"tags":[],"class_list":["post-13474","post","type-post","status-publish","format-standard","has-post-thumbnail","hentry","category-destacadas","category-nacionales"],"_links":{"self":[{"href":"https:\/\/entretormentas.com\/index.php?rest_route=\/wp\/v2\/posts\/13474","targetHints":{"allow":["GET"]}}],"collection":[{"href":"https:\/\/entretormentas.com\/index.php?rest_route=\/wp\/v2\/posts"}],"about":[{"href":"https:\/\/entretormentas.com\/index.php?rest_route=\/wp\/v2\/types\/post"}],"author":[{"embeddable":true,"href":"https:\/\/entretormentas.com\/index.php?rest_route=\/wp\/v2\/users\/2"}],"replies":[{"embeddable":true,"href":"https:\/\/entretormentas.com\/index.php?rest_route=%2Fwp%2Fv2%2Fcomments&post=13474"}],"version-history":[{"count":1,"href":"https:\/\/entretormentas.com\/index.php?rest_route=\/wp\/v2\/posts\/13474\/revisions"}],"predecessor-version":[{"id":13476,"href":"https:\/\/entretormentas.com\/index.php?rest_route=\/wp\/v2\/posts\/13474\/revisions\/13476"}],"wp:featuredmedia":[{"embeddable":true,"href":"https:\/\/entretormentas.com\/index.php?rest_route=\/wp\/v2\/media\/13475"}],"wp:attachment":[{"href":"https:\/\/entretormentas.com\/index.php?rest_route=%2Fwp%2Fv2%2Fmedia&parent=13474"}],"wp:term":[{"taxonomy":"category","embeddable":true,"href":"https:\/\/entretormentas.com\/index.php?rest_route=%2Fwp%2Fv2%2Fcategories&post=13474"},{"taxonomy":"post_tag","embeddable":true,"href":"https:\/\/entretormentas.com\/index.php?rest_route=%2Fwp%2Fv2%2Ftags&post=13474"}],"curies":[{"name":"wp","href":"https:\/\/api.w.org\/{rel}","templated":true}]}}