{"id":13477,"date":"2025-02-25T09:49:20","date_gmt":"2025-02-25T08:49:20","guid":{"rendered":"https:\/\/entretormentas.com\/?p=13477"},"modified":"2025-02-25T09:49:20","modified_gmt":"2025-02-25T08:49:20","slug":"con-apoyo-de-la-cruz-roja-llega-nuevo-vuelo-con-242-migrantes-venezolanos-desde-mexico","status":"publish","type":"post","link":"https:\/\/entretormentas.com\/con-apoyo-de-la-cruz-roja-llega-nuevo-vuelo-con-242-migrantes-venezolanos-desde-mexico\/","title":{"rendered":"\u00a1CON APOYO DE LA CRUZ ROJA! Llega nuevo vuelo con 242 migrantes venezolanos desde M\u00e9xico"},"content":{"rendered":"\n<p><strong><em>Diosdado Cabello confirma 15 personas con antecedentes penales entre los migrantes repatriados<\/em><\/strong><\/p>\n\n\n\n<p><strong>ENTRE TORMENTAS. <\/strong>Lleg\u00f3 al pa\u00eds un nuevo grupo de migrantes desde M\u00e9xico a trav\u00e9s del Plan Vuelta a la Patria, as\u00ed lo inform\u00f3 el ministro de Interior y Justicia, Diosdado Cabello.<\/p>\n\n\n\n<p>El vuelo, compuesto por 242 personas, cuenta con hombres, mujeres y menores de edad, detalla Uni\u00f3n Radio.<\/p>\n\n\n\n<p>\u201cVienen ni\u00f1os que no tienen ning\u00fan tipo de identificaci\u00f3n porque nacieron por all\u00e1 y no fueron registrados\u201d, indic\u00f3 en declaraci\u00f3n desde el aeropuerto de Maiquet\u00eda.<\/p>\n\n\n\n<p>Cabello afirm\u00f3 que a los connacionales se les realizan pruebas m\u00e9dicas, psicol\u00f3gicas y de sus antecedentes penales.<\/p>\n\n\n\n<figure class=\"wp-block-image size-full\"><img fetchpriority=\"high\" decoding=\"async\" width=\"677\" height=\"374\" src=\"https:\/\/entretormentas.com\/wp-content\/uploads\/2025\/02\/image-210.png\" alt=\"\" class=\"wp-image-13479\" srcset=\"https:\/\/entretormentas.com\/wp-content\/uploads\/2025\/02\/image-210.png 677w, https:\/\/entretormentas.com\/wp-content\/uploads\/2025\/02\/image-210-300x166.png 300w\" sizes=\"(max-width: 677px) 100vw, 677px\" \/><\/figure>\n\n\n\n<p><strong>CRUZ ROJA ASISTE A NI\u00d1OS<\/strong><br>El equipo de la Cruz Roja conformado por m\u00e1s de 50 voluntarios, estuvo presente en la llegada al aeropuerto para asistir especialmente a los 71 menores de edad y 97 mujeres a trav\u00e9s de atenci\u00f3n m\u00e9dica integral y apoyo psicosocial, adem\u00e1s de la entrega de kits de higiene personal, medicamentos y refrigerios.<\/p>\n\n\n\n<p>Esta acci\u00f3n humanitaria, que se suma a las realizadas el 10 y 21 de febrero, eleva a m\u00e1s de 600 el n\u00famero de personas atendidas por la Cruz Roja Venezolana, con el apoyo de la Federaci\u00f3n Internacional de Sociedades de la Cruz Roja y de la Media Luna Roja y el Comit\u00e9 Internacional de la Cruz Roja y se alinea a la respuesta del Movimiento en Am\u00e9ricas, donde las cruces rojas de M\u00e9xico, Colombia, Ecuador y El Salvador tambi\u00e9n apoyan a los migrantes con asistencia y protecci\u00f3n.<\/p>\n\n\n\n<p><strong>S\u00d3LO 15 CON ANTECEDENTES<\/strong><br>El titular del Ministerio de Interior de Venezuela, Diosdado Cabello, confirm\u00f3 este lunes que 15 personas, entre las 366 que han retornado al pa\u00eds desde Estados Unidos en febrero, tienen antecedentes penales, rese\u00f1\u00f3 Uni\u00f3n Radio.<\/p>\n\n\n\n<p>Cabello detall\u00f3 que entre los 190 migrantes que retornaron el 10 de febrero, hay siete con antecedentes penales, mientras que entre los 176 que volvieron el pasado jueves hay ocho.<br><strong><em>ET \/ Agencias<\/em><\/strong><\/p>\n\n\n\n<p><\/p>\n","protected":false},"excerpt":{"rendered":"<p>Diosdado Cabello confirma 15 personas con antecedentes penales entre los migrantes repatriados ENTRE TORMENTAS. Lleg\u00f3&#8230;<\/p>\n","protected":false},"author":2,"featured_media":13478,"comment_status":"closed","ping_status":"open","sticky":false,"template":"","format":"standard","meta":{"footnotes":""},"categories":[56,49],"tags":[],"class_list":["post-13477","post","type-post","status-publish","format-standard","has-post-thumbnail","hentry","category-destacadas","category-nacionales"],"_links":{"self":[{"href":"https:\/\/entretormentas.com\/index.php?rest_route=\/wp\/v2\/posts\/13477","targetHints":{"allow":["GET"]}}],"collection":[{"href":"https:\/\/entretormentas.com\/index.php?rest_route=\/wp\/v2\/posts"}],"about":[{"href":"https:\/\/entretormentas.com\/index.php?rest_route=\/wp\/v2\/types\/post"}],"author":[{"embeddable":true,"href":"https:\/\/entretormentas.com\/index.php?rest_route=\/wp\/v2\/users\/2"}],"replies":[{"embeddable":true,"href":"https:\/\/entretormentas.com\/index.php?rest_route=%2Fwp%2Fv2%2Fcomments&post=13477"}],"version-history":[{"count":1,"href":"https:\/\/entretormentas.com\/index.php?rest_route=\/wp\/v2\/posts\/13477\/revisions"}],"predecessor-version":[{"id":13480,"href":"https:\/\/entretormentas.com\/index.php?rest_route=\/wp\/v2\/posts\/13477\/revisions\/13480"}],"wp:featuredmedia":[{"embeddable":true,"href":"https:\/\/entretormentas.com\/index.php?rest_route=\/wp\/v2\/media\/13478"}],"wp:attachment":[{"href":"https:\/\/entretormentas.com\/index.php?rest_route=%2Fwp%2Fv2%2Fmedia&parent=13477"}],"wp:term":[{"taxonomy":"category","embeddable":true,"href":"https:\/\/entretormentas.com\/index.php?rest_route=%2Fwp%2Fv2%2Fcategories&post=13477"},{"taxonomy":"post_tag","embeddable":true,"href":"https:\/\/entretormentas.com\/index.php?rest_route=%2Fwp%2Fv2%2Ftags&post=13477"}],"curies":[{"name":"wp","href":"https:\/\/api.w.org\/{rel}","templated":true}]}}