{"id":13491,"date":"2025-02-25T15:35:18","date_gmt":"2025-02-25T14:35:18","guid":{"rendered":"https:\/\/entretormentas.com\/?p=13491"},"modified":"2025-02-25T15:35:19","modified_gmt":"2025-02-25T14:35:19","slug":"el-primer-santo-venezolano-papa-autoriza-canonizacion-de-jose-gregorio-hernandez","status":"publish","type":"post","link":"https:\/\/entretormentas.com\/el-primer-santo-venezolano-papa-autoriza-canonizacion-de-jose-gregorio-hernandez\/","title":{"rendered":"\u00a1EL PRIMER SANTO VENEZOLANO! Papa autoriza canonizaci\u00f3n de Jos\u00e9 Gregorio Hern\u00e1ndez"},"content":{"rendered":"\n<p><strong>ENTRE TORMENTAS. <\/strong>El beato venezolano Jos\u00e9 Gregorio Hern\u00e1ndez ser\u00e1 proclamado santo. Lo ha estipulado el Santo Padre Francisco en el comunicado publicado este martes 25 de febrero de 2025, tras la audiencia concedida en el Hospital Policl\u00ednico Gemelli, donde se encuentra internado, al Cardenal Pietro Parolin, Secretario de Estado de la Santa Sede, y a Monse\u00f1or Edgar Pe\u00f1a Parra, Sustituto para los Asuntos Generales de la Secretar\u00eda de Estado.<\/p>\n\n\n\n<p>El Pont\u00edfice aprob\u00f3 los votos favorables de la Sesi\u00f3n Ordinaria de los Padres Cardenales y Obispos miembros del Dicasterio para las Causas de los Santos para esta canonizaci\u00f3n, as\u00ed como para la del Beato Bartolo Longo, fiel laico, nacido en Latiano (Italia) el 10 de febrero de 1841 y fallecido en Pompeya (Italia) el 5 de octubre de 1926. Al mismo tiempo, Francisco decidi\u00f3 convocar a un consistorio para definir la fecha de ambas canonizaciones, rese\u00f1\u00f3 Vatican News.<\/p>\n\n\n\n<p>El Cardenal venezolano Baltazar Porras celebr\u00f3 el anuncio con un escrito en la red social X: \u00abEl d\u00eda esperado ha llegado. El papa Francisco ha firmado el decreto de canonizaci\u00f3n de nuestro beato Jos\u00e9 Gregorio Hern\u00e1ndez. Ya podemos llamarlo San Jos\u00e9 Gregorio Hern\u00e1ndez\u00bb.&nbsp;<\/p>\n\n\n\n<figure class=\"wp-block-image size-large\"><img fetchpriority=\"high\" decoding=\"async\" width=\"819\" height=\"1024\" src=\"https:\/\/entretormentas.com\/wp-content\/uploads\/2025\/02\/image-218-819x1024.png\" alt=\"\" class=\"wp-image-13493\" srcset=\"https:\/\/entretormentas.com\/wp-content\/uploads\/2025\/02\/image-218-819x1024.png 819w, https:\/\/entretormentas.com\/wp-content\/uploads\/2025\/02\/image-218-240x300.png 240w, https:\/\/entretormentas.com\/wp-content\/uploads\/2025\/02\/image-218-768x960.png 768w, https:\/\/entretormentas.com\/wp-content\/uploads\/2025\/02\/image-218.png 1024w\" sizes=\"(max-width: 819px) 100vw, 819px\" \/><\/figure>\n\n\n\n<p><strong>LEGADO DE FE<\/strong><br>El legado de Jos\u00e9 Gregorio Hern\u00e1ndez sigue calando fuerte en el pueblo venezolano, quien desde hace a\u00f1os aguardaba con fe esta noticia. Adem\u00e1s, el inter\u00e9s y la devoci\u00f3n por su figura crecieron exponencialmente en los \u00faltimos a\u00f1os tanto en su pa\u00eds natal como en el resto de Latinoam\u00e9rica y el Caribe. Al ingresar en la Tercera Orden Regular de San Francisco, se comprometi\u00f3 a ayudar a los m\u00e1s necesitados, siendo llamado \u00abel m\u00e9dico de los pobres\u00bb, un apelativo que se consolid\u00f3 internacionalmente.<\/p>\n\n\n\n<p>Tambi\u00e9n ingres\u00f3 en la Cartuja de Farneta (Lucca), pero por motivos de salud, tuvo que abandonarla a los nueve meses, regresando a Caracas. Posteriormente, comenz\u00f3 a prepararse para el sacerdocio pero, mientras estaba en el Colegio P\u00edo Latino Americano de Roma, le sobrevino una pleures\u00eda y un principio de tuberculosis. De vuelta a sus tierras, se dedic\u00f3 definitivamente a la medicina.<\/p>\n\n\n\n<p>Y fue al salir de una farmacia en Caracas, en junio de 1919, donde hab\u00eda comprado unas medicinas para un paciente anciano, cuando fue atropellado por un coche, muriendo posteriormente en el hospital. Fue proclamado beato en 2021 y sus restos mortales se veneran en la iglesia de Nuestra Se\u00f1ora de la Candelaria de Caracas.<br><strong><em>ET \/ Agencias<\/em><\/strong><\/p>\n","protected":false},"excerpt":{"rendered":"<p>ENTRE TORMENTAS. El beato venezolano Jos\u00e9 Gregorio Hern\u00e1ndez ser\u00e1 proclamado santo. Lo ha estipulado el&#8230;<\/p>\n","protected":false},"author":2,"featured_media":13492,"comment_status":"closed","ping_status":"open","sticky":false,"template":"","format":"standard","meta":{"footnotes":""},"categories":[56,49],"tags":[],"class_list":["post-13491","post","type-post","status-publish","format-standard","has-post-thumbnail","hentry","category-destacadas","category-nacionales"],"_links":{"self":[{"href":"https:\/\/entretormentas.com\/index.php?rest_route=\/wp\/v2\/posts\/13491","targetHints":{"allow":["GET"]}}],"collection":[{"href":"https:\/\/entretormentas.com\/index.php?rest_route=\/wp\/v2\/posts"}],"about":[{"href":"https:\/\/entretormentas.com\/index.php?rest_route=\/wp\/v2\/types\/post"}],"author":[{"embeddable":true,"href":"https:\/\/entretormentas.com\/index.php?rest_route=\/wp\/v2\/users\/2"}],"replies":[{"embeddable":true,"href":"https:\/\/entretormentas.com\/index.php?rest_route=%2Fwp%2Fv2%2Fcomments&post=13491"}],"version-history":[{"count":1,"href":"https:\/\/entretormentas.com\/index.php?rest_route=\/wp\/v2\/posts\/13491\/revisions"}],"predecessor-version":[{"id":13494,"href":"https:\/\/entretormentas.com\/index.php?rest_route=\/wp\/v2\/posts\/13491\/revisions\/13494"}],"wp:featuredmedia":[{"embeddable":true,"href":"https:\/\/entretormentas.com\/index.php?rest_route=\/wp\/v2\/media\/13492"}],"wp:attachment":[{"href":"https:\/\/entretormentas.com\/index.php?rest_route=%2Fwp%2Fv2%2Fmedia&parent=13491"}],"wp:term":[{"taxonomy":"category","embeddable":true,"href":"https:\/\/entretormentas.com\/index.php?rest_route=%2Fwp%2Fv2%2Fcategories&post=13491"},{"taxonomy":"post_tag","embeddable":true,"href":"https:\/\/entretormentas.com\/index.php?rest_route=%2Fwp%2Fv2%2Ftags&post=13491"}],"curies":[{"name":"wp","href":"https:\/\/api.w.org\/{rel}","templated":true}]}}