{"id":13499,"date":"2025-02-26T06:35:50","date_gmt":"2025-02-26T05:35:50","guid":{"rendered":"https:\/\/entretormentas.com\/?p=13499"},"modified":"2025-02-26T06:35:54","modified_gmt":"2025-02-26T05:35:54","slug":"23-marabinas-participaron-maracaibo-corona-a-las-reinas-del-carnaval-2025","status":"publish","type":"post","link":"https:\/\/entretormentas.com\/23-marabinas-participaron-maracaibo-corona-a-las-reinas-del-carnaval-2025\/","title":{"rendered":"\u00a123 MARABINAS PARTICIPARON! Maracaibo corona a las reinas del Carnaval 2025"},"content":{"rendered":"\n<p><strong>ENTRE TORMENTAS. <\/strong>En una noche de brillo, talento y emociones, resultaron electas las reinas del Carnaval Maracaibo 2025, en la 58 edici\u00f3n del concurso que se realiz\u00f3 este 23 de febrero en la concha ac\u00fastica de la Plaza de la Rep\u00fablica.<\/p>\n\n\n\n<p>Nahomy Berm\u00fadez, en la categor\u00eda Baby; Dagnny Paz, en la categor\u00eda Infantil; Mar\u00eda Victoria Fuenmayor, en la categor\u00eda Juvenil; e Irama Rangel, en categor\u00eda Adulto Mayor; se alzaron con las coronas, representando la belleza y el esp\u00edritu festivo de la mujer marabina, adem\u00e1s, se le otorg\u00f3 una banda especial a la ni\u00f1a con s\u00edndrome down Camila Prado.<\/p>\n\n\n\n<p>En total fueron 23 las marabinas que concursaron en el certamen para coronarse como las reinas del Carnaval, evento que cont\u00f3 con la participaci\u00f3n de Garc\u00e9s Music, Rosse, Acuarela con su show de baile y las danzas municipales.<\/p>\n\n\n\n<p>El jurado calificador que seleccion\u00f3 a las ganadoras lo conformaron: M\u00f3nica Parra de Romero, esposa del Alcalde encargado de Maracaibo; Ra\u00fal Rodr\u00edguez, empresario, core\u00f3grafo y director de las Danzas T\u00edpicas Maracaibo; Michell Navarro, exreina de la Feria de La Chinita; \u00cdtalo Jim\u00e9nez, expresidente de la Junior Chamber International (JCI); Malena Soto, directora de Cultura; Galvis Latino, m\u00fasico y cantante regional.<\/p>\n\n\n\n<p>Adri\u00e1n Romero Mart\u00ednez, alcalde encargado de Maracaibo, agradeci\u00f3 el apoyo que el p\u00fablico marabino le dio a este evento. \u201cA todo los que hicieron posible esta noche majestuosa les agradecemos por tanta entrega. Tendremos un divertido Carnaval y estaremos bien representados con estas reinas que cumplir\u00e1n con una serie de actividades en las venideras fiestas\u201d.<\/p>\n\n\n\n<figure class=\"wp-block-image size-large\"><img fetchpriority=\"high\" decoding=\"async\" width=\"1024\" height=\"682\" src=\"https:\/\/entretormentas.com\/wp-content\/uploads\/2025\/02\/image-223-1024x682.png\" alt=\"\" class=\"wp-image-13504\" srcset=\"https:\/\/entretormentas.com\/wp-content\/uploads\/2025\/02\/image-223-1024x682.png 1024w, https:\/\/entretormentas.com\/wp-content\/uploads\/2025\/02\/image-223-300x200.png 300w, https:\/\/entretormentas.com\/wp-content\/uploads\/2025\/02\/image-223-768x512.png 768w, https:\/\/entretormentas.com\/wp-content\/uploads\/2025\/02\/image-223-1536x1024.png 1536w, https:\/\/entretormentas.com\/wp-content\/uploads\/2025\/02\/image-223-2048x1365.png 2048w\" sizes=\"(max-width: 1024px) 100vw, 1024px\" \/><\/figure>\n\n\n\n<p>Malena Soto, directora de Cultura, destac\u00f3 que el reinado no solo celebra la belleza y el talento de las participantes, sino que tambi\u00e9n resalta la rica cultura y tradiciones de Maracaibo.<\/p>\n\n\n\n<p>\u201cCada una de las candidatas ha demostrado un compromiso excepcional y una pasi\u00f3n por nuestra cultura que es verdaderamente inspiradora. La alegr\u00eda y el entusiasmo que hemos visto en este reinado son un testimonio del esp\u00edritu vibrante de Maracaibo\u201d, indic\u00f3 la directora de Cultura.<\/p>\n\n\n\n<p><strong>HABLAN LAS REINAS<\/strong><br>Elsa Monzant, representante de la reina infantil Dagnny Cristina Paz, felicit\u00f3 a los organizadores por el evento. \u201cFue realmente una experiencia maravillosa memorable donde disfrutamos cada momento. Dagnny est\u00e1 muy emocionada\u201d.<\/p>\n\n\n\n<p>Mar\u00eda Victoria Fuenmayor, reina juvenil 2025, expres\u00f3 felicidad por esta experiencia que recibe y la hace representara a la ciudad. \u201cEstoy ansiosa por saber c\u00f3mo ser\u00e1 esta nueva etapa junto a toda Maracaibo\u201d.<\/p>\n\n\n\n<p>Senia Berm\u00fadez, representante de Nahomy Berm\u00fadez, reina categor\u00eda Baby; destac\u00f3 la emoci\u00f3n de la peque\u00f1a al lograr ganar este reinado a tan corta edad. \u201cMi ni\u00f1a cumpli\u00f3 uno de sus grandes sue\u00f1os\u201d.<\/p>\n\n\n\n<p>Irama Rangel, la adulta mayor que se convirti\u00f3 en reina este 2025, agradeci\u00f3 a Dios por haber sido coronada como la primera abuela en este certamen. \u201cMe siento muy orgullosa de representar a los abuelos de Maracaibo, especialmente a mi parroquia Caracciolo Parra P\u00e9rez\u201d.<\/p>\n\n\n\n<p>Con este evento comenz\u00f3 la agenda que la Alcald\u00eda de Maracaibo tiene preparada para el Carnaval 2025, donde prevalecer\u00e1 la alegr\u00eda con el tradicional desfile y otras actividades que resaltan la riqueza cultural y folcl\u00f3rica de la ciudad.<br><strong><em>ET \/ DCI Alcald\u00eda de Maracaibo<\/em><\/strong><\/p>\n\n\n\n<p><\/p>\n","protected":false},"excerpt":{"rendered":"<p>ENTRE TORMENTAS. En una noche de brillo, talento y emociones, resultaron electas las reinas del&#8230;<\/p>\n","protected":false},"author":2,"featured_media":13500,"comment_status":"closed","ping_status":"open","sticky":false,"template":"","format":"standard","meta":{"footnotes":""},"categories":[1],"tags":[],"class_list":["post-13499","post","type-post","status-publish","format-standard","has-post-thumbnail","hentry","category-regionales"],"_links":{"self":[{"href":"https:\/\/entretormentas.com\/index.php?rest_route=\/wp\/v2\/posts\/13499","targetHints":{"allow":["GET"]}}],"collection":[{"href":"https:\/\/entretormentas.com\/index.php?rest_route=\/wp\/v2\/posts"}],"about":[{"href":"https:\/\/entretormentas.com\/index.php?rest_route=\/wp\/v2\/types\/post"}],"author":[{"embeddable":true,"href":"https:\/\/entretormentas.com\/index.php?rest_route=\/wp\/v2\/users\/2"}],"replies":[{"embeddable":true,"href":"https:\/\/entretormentas.com\/index.php?rest_route=%2Fwp%2Fv2%2Fcomments&post=13499"}],"version-history":[{"count":1,"href":"https:\/\/entretormentas.com\/index.php?rest_route=\/wp\/v2\/posts\/13499\/revisions"}],"predecessor-version":[{"id":13505,"href":"https:\/\/entretormentas.com\/index.php?rest_route=\/wp\/v2\/posts\/13499\/revisions\/13505"}],"wp:featuredmedia":[{"embeddable":true,"href":"https:\/\/entretormentas.com\/index.php?rest_route=\/wp\/v2\/media\/13500"}],"wp:attachment":[{"href":"https:\/\/entretormentas.com\/index.php?rest_route=%2Fwp%2Fv2%2Fmedia&parent=13499"}],"wp:term":[{"taxonomy":"category","embeddable":true,"href":"https:\/\/entretormentas.com\/index.php?rest_route=%2Fwp%2Fv2%2Fcategories&post=13499"},{"taxonomy":"post_tag","embeddable":true,"href":"https:\/\/entretormentas.com\/index.php?rest_route=%2Fwp%2Fv2%2Ftags&post=13499"}],"curies":[{"name":"wp","href":"https:\/\/api.w.org\/{rel}","templated":true}]}}