{"id":13506,"date":"2025-02-26T06:40:28","date_gmt":"2025-02-26T05:40:28","guid":{"rendered":"https:\/\/entretormentas.com\/?p=13506"},"modified":"2025-02-26T06:40:29","modified_gmt":"2025-02-26T05:40:29","slug":"por-el-dia-del-maestro-clezulia-entrega-premio-maria-oquendo-a-la-actuacion-educativa-mas-destacada-del-ano","status":"publish","type":"post","link":"https:\/\/entretormentas.com\/por-el-dia-del-maestro-clezulia-entrega-premio-maria-oquendo-a-la-actuacion-educativa-mas-destacada-del-ano\/","title":{"rendered":"\u00a1POR EL D\u00cdA DEL MAESTRO! Clezulia entrega Premio \u00abMar\u00eda Oquendo\u00bb a la actuaci\u00f3n educativa m\u00e1s destacada del a\u00f1o"},"content":{"rendered":"\n<p><strong>ENTRE TORMENTAS.<\/strong> Enmarcado en la celebraci\u00f3n del D\u00eda Nacional del Maestro, el Consejo Legislativo del estado Zulia (Clezulia), hizo entrega este martes 25 de febrero en sesi\u00f3n solemne, del premio \u00abMar\u00eda Oquendo\u00bb, reconocimiento honor\u00edfico que se otorga en sus diferentes categor\u00edas a las actuaciones educativas m\u00e1s destacadas del a\u00f1o, tanto de profesionales como de instituciones p\u00fablicas o privadas de nuestra regi\u00f3n.<\/p>\n\n\n\n<p>Iraida Josefina Villasmil, presidente del parlamento, felicit\u00f3 a todos los hombres y mujeres profesionales dedicados a la educaci\u00f3n del pueblo zuliano, en especial a aquellos que hoy reciben el galard\u00f3n \u00abMar\u00eda Oquendo\u00bb, ya que es un tributo y un homenaje a su excelente participaci\u00f3n en un rol tan importante dentro de una sociedad.<\/p>\n\n\n\n<p>\u00abMuchas Gracias profesores por ese maravilloso esfuerzo que d\u00eda a d\u00eda inspiran a las nuevas generaciones a so\u00f1ar en grande y en pro de un futuro lleno de esperanza y oportunidades. Cuenten con nosotros, cuenten con un parlamento ganado para aportar lo que sea necesario para seguir formando a los ciudadanos del presente y del futuro del Zulia y de Venezuela\u00bb, expres\u00f3 Villasmil.<\/p>\n\n\n\n<figure class=\"wp-block-image size-large\"><img fetchpriority=\"high\" decoding=\"async\" width=\"1024\" height=\"576\" src=\"https:\/\/entretormentas.com\/wp-content\/uploads\/2025\/02\/image-225-1024x576.png\" alt=\"\" class=\"wp-image-13508\" srcset=\"https:\/\/entretormentas.com\/wp-content\/uploads\/2025\/02\/image-225-1024x576.png 1024w, https:\/\/entretormentas.com\/wp-content\/uploads\/2025\/02\/image-225-300x169.png 300w, https:\/\/entretormentas.com\/wp-content\/uploads\/2025\/02\/image-225-768x432.png 768w, https:\/\/entretormentas.com\/wp-content\/uploads\/2025\/02\/image-225.png 1280w\" sizes=\"(max-width: 1024px) 100vw, 1024px\" \/><\/figure>\n\n\n\n<p>Dicha sesi\u00f3n solemne tuvo como orador de orden al Pbro. Eduardo Ortigoza, rector de la Universidad Cat\u00f3lica Cecilio Acosta (UNICA), quien destac\u00f3 la importancia de este premio que lleva por nombre Mar\u00eda Oquendo, ilustre primera mujer venezolana en graduarse en el a\u00f1o 1885 como maestra de instrucci\u00f3n primaria. Adem\u00e1s Ortigoza invit\u00f3 a mirar el futuro con esperanza y sobre todo mirar que la educaci\u00f3n es un acto de esperanza, estando conscientes de que lo que le estamos ense\u00f1\u00e1ndole a los ni\u00f1os es lo que ellos van a utilizar para sus vidas en el ma\u00f1ana.<\/p>\n\n\n\n<p>Por su parte, la legisladora Yeissel P\u00e9rez, presidente de la Comisi\u00f3n Permanente del Poder Popular para la Educaci\u00f3n, Cultura, Deportes, Asuntos Sociales y Comunales y de Protecci\u00f3n del Ni\u00f1o, Ni\u00f1a, Adolescente y la Mujer del estado Zulia, agradeci\u00f3 a todo los participantes y felicit\u00f3 los ganadores del premio Mar\u00eda Oquendo, por su invaluable labor y aporte a la educaci\u00f3n en todos sus niveles del estado Zulia.<\/p>\n\n\n\n<p>Cabe destacar, que el premio a la labor educativa m\u00e1s destacada del a\u00f1o fue otorgado al Dr. Pedro Luis M\u00e9ndez, el galard\u00f3n al educador con mayor tiempo de servicio y dedicaci\u00f3n, fue recibido por la docente Mar\u00eda Elena Luzardo, mientras que el premio al educador con mayor esp\u00edritu de superaci\u00f3n en el aspecto t\u00e9cnico y acad\u00e9mico fue entregado a la Dra. Doris Salas de Molina y al Dr. Luis Guillermo Quintero, y finalmente el reconocimiento a la instituci\u00f3n educativa m\u00e1s destacada del a\u00f1o fue entregado a la Fundaci\u00f3n Ni\u00f1o Zuliano y a la Unidad Educativa Estadal Amelia R\u00edos.<br><strong><em>ET \/ Prensa Clezulia<\/em><\/strong><\/p>\n","protected":false},"excerpt":{"rendered":"<p>ENTRE TORMENTAS. Enmarcado en la celebraci\u00f3n del D\u00eda Nacional del Maestro, el Consejo Legislativo del&#8230;<\/p>\n","protected":false},"author":2,"featured_media":13507,"comment_status":"closed","ping_status":"open","sticky":false,"template":"","format":"standard","meta":{"footnotes":""},"categories":[1],"tags":[],"class_list":["post-13506","post","type-post","status-publish","format-standard","has-post-thumbnail","hentry","category-regionales"],"_links":{"self":[{"href":"https:\/\/entretormentas.com\/index.php?rest_route=\/wp\/v2\/posts\/13506","targetHints":{"allow":["GET"]}}],"collection":[{"href":"https:\/\/entretormentas.com\/index.php?rest_route=\/wp\/v2\/posts"}],"about":[{"href":"https:\/\/entretormentas.com\/index.php?rest_route=\/wp\/v2\/types\/post"}],"author":[{"embeddable":true,"href":"https:\/\/entretormentas.com\/index.php?rest_route=\/wp\/v2\/users\/2"}],"replies":[{"embeddable":true,"href":"https:\/\/entretormentas.com\/index.php?rest_route=%2Fwp%2Fv2%2Fcomments&post=13506"}],"version-history":[{"count":1,"href":"https:\/\/entretormentas.com\/index.php?rest_route=\/wp\/v2\/posts\/13506\/revisions"}],"predecessor-version":[{"id":13509,"href":"https:\/\/entretormentas.com\/index.php?rest_route=\/wp\/v2\/posts\/13506\/revisions\/13509"}],"wp:featuredmedia":[{"embeddable":true,"href":"https:\/\/entretormentas.com\/index.php?rest_route=\/wp\/v2\/media\/13507"}],"wp:attachment":[{"href":"https:\/\/entretormentas.com\/index.php?rest_route=%2Fwp%2Fv2%2Fmedia&parent=13506"}],"wp:term":[{"taxonomy":"category","embeddable":true,"href":"https:\/\/entretormentas.com\/index.php?rest_route=%2Fwp%2Fv2%2Fcategories&post=13506"},{"taxonomy":"post_tag","embeddable":true,"href":"https:\/\/entretormentas.com\/index.php?rest_route=%2Fwp%2Fv2%2Ftags&post=13506"}],"curies":[{"name":"wp","href":"https:\/\/api.w.org\/{rel}","templated":true}]}}