{"id":13510,"date":"2025-02-26T06:45:57","date_gmt":"2025-02-26T05:45:57","guid":{"rendered":"https:\/\/entretormentas.com\/?p=13510"},"modified":"2025-02-26T06:45:58","modified_gmt":"2025-02-26T05:45:58","slug":"en-maracaibo-anuncian-cierres-estacionamientos-y-rutas-del-transporte-por-desfile-del-gran-carnaval-zulia-2025","status":"publish","type":"post","link":"https:\/\/entretormentas.com\/en-maracaibo-anuncian-cierres-estacionamientos-y-rutas-del-transporte-por-desfile-del-gran-carnaval-zulia-2025\/","title":{"rendered":"\u00a1EN MARACAIBO! Anuncian cierres, estacionamientos y rutas del transporte por desfile del Gran Carnaval Zulia 2025"},"content":{"rendered":"\n<p><strong>ENTRE TORMENTAS. <\/strong>El Gran Carnaval Zulia 2025 comienza este s\u00e1bado 1 de marzo en la avenida 5 de Julio de Maracaibo con el desfile de inauguraci\u00f3n, que arranca a las 5:00 de la tarde, con m\u00e1s de seis mil participantes, por lo que se convierte en el primer gran evento de masas del a\u00f1o en tierra zuliana.<\/p>\n\n\n\n<p>Para cumplir la programacon, concentraci\u00f3n, movilizaci\u00f3n, log\u00edstica y seguridad ciudadana, la Gobernaci\u00f3n del Zulia desplegar\u00e1 m\u00e1s de tres mil funcionarios, conjuntamente con la Alcald\u00eda de Maracaibo y el Gobierno Nacional, los tres niveles de gobierno, para garantizar unas felices fiestas carnestolendas.<\/p>\n\n\n\n<figure class=\"wp-block-image size-large\"><img fetchpriority=\"high\" decoding=\"async\" width=\"1024\" height=\"649\" src=\"https:\/\/entretormentas.com\/wp-content\/uploads\/2025\/02\/image-227-1024x649.png\" alt=\"\" class=\"wp-image-13512\" srcset=\"https:\/\/entretormentas.com\/wp-content\/uploads\/2025\/02\/image-227-1024x649.png 1024w, https:\/\/entretormentas.com\/wp-content\/uploads\/2025\/02\/image-227-300x190.png 300w, https:\/\/entretormentas.com\/wp-content\/uploads\/2025\/02\/image-227-768x487.png 768w, https:\/\/entretormentas.com\/wp-content\/uploads\/2025\/02\/image-227.png 1080w\" sizes=\"(max-width: 1024px) 100vw, 1024px\" \/><\/figure>\n\n\n\n<p>A partir de la 1:00 de la tarde de proceder\u00e1 al cierre de calles y avenidas, principalmente las 14 cuadras de la calle 77, mejor conocida como Avenida 5 de Julio, desde la av. 3G (Banco Mercantil Plaza Rep\u00fablica), hasta la av. 17 (BNC de la Avenida Baralt). Cerrada en ambos sentidos.<\/p>\n\n\n\n<p>Se implementar\u00e1n desv\u00edos controlados en la av. 4, Bella Vista, en la esquina de la iglesia La Consolaci\u00f3n, calle 79, con desv\u00edos hacia las avenidas 3Y, 3H y 3G. Continuar\u00e1 en la calle 3F hasta la calle 74, retomando la avenida Bella Vista. Y en sentido contrario, bajo el mismo esquema, desde la calle 75 con la avenida Bella Vista.<\/p>\n\n\n\n<p><strong>ESTACIONAMIENTOS<\/strong><br>Asimismo se habilitar\u00e1n dos v\u00edas paralelas con puntos de estacionamiento, a fin de facilitar el acceso al desfile.\u00a0<\/p>\n\n\n\n<p>V\u00eda paralela 1: calle 78, Dr. Portillo, desde la av. 3G, hasta la av. 17, av. Baralt, incluyendo el estacionamiento de Tienda Latino.<\/p>\n\n\n\n<p>V\u00eda paralela 2: calle 76; desde la avenida 17, Baralt, hasta la av. 3G. Las cuales contar\u00e1 con patrullaje de vigilancia preventiva.<\/p>\n\n\n\n<figure class=\"wp-block-image size-large\"><img decoding=\"async\" width=\"819\" height=\"1024\" src=\"https:\/\/entretormentas.com\/wp-content\/uploads\/2025\/02\/image-228-819x1024.png\" alt=\"\" class=\"wp-image-13513\" srcset=\"https:\/\/entretormentas.com\/wp-content\/uploads\/2025\/02\/image-228-819x1024.png 819w, https:\/\/entretormentas.com\/wp-content\/uploads\/2025\/02\/image-228-240x300.png 240w, https:\/\/entretormentas.com\/wp-content\/uploads\/2025\/02\/image-228-768x960.png 768w, https:\/\/entretormentas.com\/wp-content\/uploads\/2025\/02\/image-228-1229x1536.png 1229w, https:\/\/entretormentas.com\/wp-content\/uploads\/2025\/02\/image-228-1638x2048.png 1638w, https:\/\/entretormentas.com\/wp-content\/uploads\/2025\/02\/image-228-1024x1280.png 1024w, https:\/\/entretormentas.com\/wp-content\/uploads\/2025\/02\/image-228.png 2048w\" sizes=\"(max-width: 819px) 100vw, 819px\" \/><\/figure>\n\n\n\n<p><strong>RUTAS DE TRANSPORTE<\/strong><br>Los puntos de salida en el municipio Maracaibo ser\u00e1n a partir de la 1:30 de la tarde:<\/p>\n\n\n\n<p>Punto 1: Curva de Molina, frente a De Candido.<\/p>\n\n\n\n<p>Punto 2: CC Galer\u00edas (av. La Limpia).<\/p>\n\n\n\n<p>Punto 3: Mercado Corito (Haticos por arriba).<\/p>\n\n\n\n<p>Punto 4: M\u00f3dulo de Servicio Cuatricentenario.<\/p>\n\n\n\n<p>Punto 5: Km 4, frente al CC Los Churupos.<\/p>\n\n\n\n<p>Punto 6: San Jacinto, cancha sector 13.<\/p>\n\n\n\n<p>Punto 7: La Matancera, frente a Pastelitos Pipo.<\/p>\n\n\n\n<p>Punto 8: Altos del Sol Amada, frente a la plaza y diagonal a la parada de transporte.<\/p>\n\n\n\n<p>El secretario de Seguridad y Orden P\u00fablico del estado Zulia, Ernesto Ibarra; y, el comisionado para asuntos de Transporte de la regi\u00f3n, en nombre del gobernador del Zulia, Manuel Rosales, invitan a la ciudadan\u00eda a celebrar en familia este Gran Carnaval Zulia 2025 y la exhorta a tomar sus previsiones para la movilizaci\u00f3n del s\u00e1bado 1 de marzo a partir de la 1:00 de la tarde, a fin de cumplir con las normas especiales programadas para este desfile inaugural.<br><strong><em>ET \/ Nota de Prensa \u00a0<\/em><\/strong><\/p>\n\n\n\n<p><\/p>\n","protected":false},"excerpt":{"rendered":"<p>ENTRE TORMENTAS. El Gran Carnaval Zulia 2025 comienza este s\u00e1bado 1 de marzo en la&#8230;<\/p>\n","protected":false},"author":2,"featured_media":13511,"comment_status":"closed","ping_status":"open","sticky":false,"template":"","format":"standard","meta":{"footnotes":""},"categories":[1],"tags":[],"class_list":["post-13510","post","type-post","status-publish","format-standard","has-post-thumbnail","hentry","category-regionales"],"_links":{"self":[{"href":"https:\/\/entretormentas.com\/index.php?rest_route=\/wp\/v2\/posts\/13510","targetHints":{"allow":["GET"]}}],"collection":[{"href":"https:\/\/entretormentas.com\/index.php?rest_route=\/wp\/v2\/posts"}],"about":[{"href":"https:\/\/entretormentas.com\/index.php?rest_route=\/wp\/v2\/types\/post"}],"author":[{"embeddable":true,"href":"https:\/\/entretormentas.com\/index.php?rest_route=\/wp\/v2\/users\/2"}],"replies":[{"embeddable":true,"href":"https:\/\/entretormentas.com\/index.php?rest_route=%2Fwp%2Fv2%2Fcomments&post=13510"}],"version-history":[{"count":1,"href":"https:\/\/entretormentas.com\/index.php?rest_route=\/wp\/v2\/posts\/13510\/revisions"}],"predecessor-version":[{"id":13514,"href":"https:\/\/entretormentas.com\/index.php?rest_route=\/wp\/v2\/posts\/13510\/revisions\/13514"}],"wp:featuredmedia":[{"embeddable":true,"href":"https:\/\/entretormentas.com\/index.php?rest_route=\/wp\/v2\/media\/13511"}],"wp:attachment":[{"href":"https:\/\/entretormentas.com\/index.php?rest_route=%2Fwp%2Fv2%2Fmedia&parent=13510"}],"wp:term":[{"taxonomy":"category","embeddable":true,"href":"https:\/\/entretormentas.com\/index.php?rest_route=%2Fwp%2Fv2%2Fcategories&post=13510"},{"taxonomy":"post_tag","embeddable":true,"href":"https:\/\/entretormentas.com\/index.php?rest_route=%2Fwp%2Fv2%2Ftags&post=13510"}],"curies":[{"name":"wp","href":"https:\/\/api.w.org\/{rel}","templated":true}]}}