{"id":13515,"date":"2025-02-26T06:50:32","date_gmt":"2025-02-26T05:50:32","guid":{"rendered":"https:\/\/entretormentas.com\/?p=13515"},"modified":"2025-02-26T06:50:32","modified_gmt":"2025-02-26T05:50:32","slug":"ya-son-44-activas-atienden-272-ninos-en-11-nuevas-escuelitas-del-sol-en-ocho-parroquias-de-maracaibo","status":"publish","type":"post","link":"https:\/\/entretormentas.com\/ya-son-44-activas-atienden-272-ninos-en-11-nuevas-escuelitas-del-sol-en-ocho-parroquias-de-maracaibo\/","title":{"rendered":"\u00a1YA SON 44 ACTIVAS! Atienden 272 ni\u00f1os en 11 nuevas Escuelitas del Sol en ocho parroquias de Maracaibo"},"content":{"rendered":"\n<p><strong>ENTRE TORMENTAS. <\/strong>El programa Escuelitas del Sol de la Alcald\u00eda de Maracaibo, desarrollado desde la Direcci\u00f3n General de Desarrollo Social (DGDS) y la Direcci\u00f3n de Educaci\u00f3n y Asuntos Universitarios, incorpor\u00f3 11 nuevas Escuelitas del Sol para la atender a 272 ni\u00f1os de ocho parroquias de Maracaibo.<\/p>\n\n\n\n<p>Con esta incorporaci\u00f3n cuyo acto formal fue en el Centro Deportivo Cultural Patria Joven, la tarde del 21 de febrero, el plan de refuerzo educativo y dotaci\u00f3n de \u00fatiles, alcanza 44 espacios en 12 parroquias y supera los mil ni\u00f1os atendidos.<\/p>\n\n\n\n<p>Adri\u00e1n Romero Mart\u00ednez, alcalde encargado del Maracaibo, dirigi\u00f3 un reconocimiento especial a la labor de todos los docentes y maestras que hacen posible que existan estos espacios.<\/p>\n\n\n\n<figure class=\"wp-block-image size-large\"><img fetchpriority=\"high\" decoding=\"async\" width=\"1024\" height=\"682\" src=\"https:\/\/entretormentas.com\/wp-content\/uploads\/2025\/02\/image-231-1024x682.png\" alt=\"\" class=\"wp-image-13518\" srcset=\"https:\/\/entretormentas.com\/wp-content\/uploads\/2025\/02\/image-231-1024x682.png 1024w, https:\/\/entretormentas.com\/wp-content\/uploads\/2025\/02\/image-231-300x200.png 300w, https:\/\/entretormentas.com\/wp-content\/uploads\/2025\/02\/image-231-768x512.png 768w, https:\/\/entretormentas.com\/wp-content\/uploads\/2025\/02\/image-231-1536x1024.png 1536w, https:\/\/entretormentas.com\/wp-content\/uploads\/2025\/02\/image-231-2048x1365.png 2048w\" sizes=\"(max-width: 1024px) 100vw, 1024px\" \/><\/figure>\n\n\n\n<p>\u201cYa son 44 escuelitas atendidas desde el a\u00f1o 2023 con la gesti\u00f3n de nuestro alcalde Rafael Ram\u00edrez. Quiero felicitar y agradecer a las docentes, por su esfuerzo incansable y por poner su tiempo a disposici\u00f3n de nuestros ni\u00f1os que, en horas de la tarde, finalizada la jornada escolar, van a sus escuelitas a reforzar la ense\u00f1anza, en especial en esta edad crucial para su desarrollo\u201d, se\u00f1al\u00f3 Romero Mart\u00ednez.<\/p>\n\n\n\n<p>Asimismo, reafirm\u00f3 el compromiso desde la Alcald\u00eda de Maracaibo para con la educaci\u00f3n y formaci\u00f3n por lo cual pr\u00f3ximamente iniciar\u00e1 la supervisi\u00f3n parroquia por parroquia de las Escuelitas del Sol para evaluar qu\u00e9 posibilidades hay de apoyarlas en materia infraestructura.<\/p>\n\n\n\n<p>Sara Fern\u00e1ndez, Directora de Desarrollo Social, se\u00f1al\u00f3: \u201cEstamos cerca de llegar a las 18 parroquias del municipio y esperamos que 2025 sea el momento propicio para que madres, l\u00edderes de comunidades y maestras que hacen vida en sus tareas dirigidas comunitarias tambi\u00e9n puedan fortalecerse desde el programa Escuelitas del Sol y puedan seguir obteniendo esas herramientas para el desarrollo, aprendizaje y educaci\u00f3n\u201d.<\/p>\n\n\n\n<figure class=\"wp-block-image size-large\"><img decoding=\"async\" width=\"1024\" height=\"682\" src=\"https:\/\/entretormentas.com\/wp-content\/uploads\/2025\/02\/image-230-1024x682.png\" alt=\"\" class=\"wp-image-13517\" srcset=\"https:\/\/entretormentas.com\/wp-content\/uploads\/2025\/02\/image-230-1024x682.png 1024w, https:\/\/entretormentas.com\/wp-content\/uploads\/2025\/02\/image-230-300x200.png 300w, https:\/\/entretormentas.com\/wp-content\/uploads\/2025\/02\/image-230-768x512.png 768w, https:\/\/entretormentas.com\/wp-content\/uploads\/2025\/02\/image-230-1536x1024.png 1536w, https:\/\/entretormentas.com\/wp-content\/uploads\/2025\/02\/image-230-2048x1365.png 2048w\" sizes=\"(max-width: 1024px) 100vw, 1024px\" \/><\/figure>\n\n\n\n<p>Durante la actividad los 272 ni\u00f1os recibieron como uniforme una franela que los identifica como estudiantes de las Escuelitas del Sol y un kit escolar compuesto un bolso que incluye cuadernos, l\u00e1pices, borradores, sacapuntas, crayones, reglas, pegamento y tijeras.<\/p>\n\n\n\n<p>Irlanda Garc\u00eda, directora de educaci\u00f3n y asuntos universitarios de la alcald\u00eda de Maracaibo, destac\u00f3 que reforzar la educaci\u00f3n en el municipio pasa por generar espacios para que los ni\u00f1os puedan ir a realizar sus tareas y complementar sus conocimientos con docentes competentes y preparados para su formaci\u00f3n, de all\u00ed la importancia de las Escuelitas del Sol.<br><strong><em>ET \/ DCI Alcald\u00eda de Maracaibo<\/em><\/strong><\/p>\n","protected":false},"excerpt":{"rendered":"<p>ENTRE TORMENTAS. El programa Escuelitas del Sol de la Alcald\u00eda de Maracaibo, desarrollado desde la&#8230;<\/p>\n","protected":false},"author":2,"featured_media":13516,"comment_status":"closed","ping_status":"open","sticky":false,"template":"","format":"standard","meta":{"footnotes":""},"categories":[57,1],"tags":[],"class_list":["post-13515","post","type-post","status-publish","format-standard","has-post-thumbnail","hentry","category-actualidad","category-regionales"],"_links":{"self":[{"href":"https:\/\/entretormentas.com\/index.php?rest_route=\/wp\/v2\/posts\/13515","targetHints":{"allow":["GET"]}}],"collection":[{"href":"https:\/\/entretormentas.com\/index.php?rest_route=\/wp\/v2\/posts"}],"about":[{"href":"https:\/\/entretormentas.com\/index.php?rest_route=\/wp\/v2\/types\/post"}],"author":[{"embeddable":true,"href":"https:\/\/entretormentas.com\/index.php?rest_route=\/wp\/v2\/users\/2"}],"replies":[{"embeddable":true,"href":"https:\/\/entretormentas.com\/index.php?rest_route=%2Fwp%2Fv2%2Fcomments&post=13515"}],"version-history":[{"count":1,"href":"https:\/\/entretormentas.com\/index.php?rest_route=\/wp\/v2\/posts\/13515\/revisions"}],"predecessor-version":[{"id":13519,"href":"https:\/\/entretormentas.com\/index.php?rest_route=\/wp\/v2\/posts\/13515\/revisions\/13519"}],"wp:featuredmedia":[{"embeddable":true,"href":"https:\/\/entretormentas.com\/index.php?rest_route=\/wp\/v2\/media\/13516"}],"wp:attachment":[{"href":"https:\/\/entretormentas.com\/index.php?rest_route=%2Fwp%2Fv2%2Fmedia&parent=13515"}],"wp:term":[{"taxonomy":"category","embeddable":true,"href":"https:\/\/entretormentas.com\/index.php?rest_route=%2Fwp%2Fv2%2Fcategories&post=13515"},{"taxonomy":"post_tag","embeddable":true,"href":"https:\/\/entretormentas.com\/index.php?rest_route=%2Fwp%2Fv2%2Ftags&post=13515"}],"curies":[{"name":"wp","href":"https:\/\/api.w.org\/{rel}","templated":true}]}}