{"id":13520,"date":"2025-02-26T06:58:15","date_gmt":"2025-02-26T05:58:15","guid":{"rendered":"https:\/\/entretormentas.com\/?p=13520"},"modified":"2025-02-26T06:58:16","modified_gmt":"2025-02-26T05:58:16","slug":"parroquia-chiquinquira-alcaldia-inicia-trabajos-de-limpieza-en-la-canada-morillo-tramo-la-negra","status":"publish","type":"post","link":"https:\/\/entretormentas.com\/parroquia-chiquinquira-alcaldia-inicia-trabajos-de-limpieza-en-la-canada-morillo-tramo-la-negra\/","title":{"rendered":"\u00a1PARROQUIA CHIQUINQUIR\u00c1! Alcald\u00eda inicia trabajos de limpieza en la ca\u00f1ada Morillo tramo La Negra"},"content":{"rendered":"\n<p><strong>ENTRE TORMENTAS.<\/strong> La Alcald\u00eda de Maracaibo, a trav\u00e9s del Instituto Municipal del Ambiente (IMA), inici\u00f3 la ma\u00f1ana de este mi\u00e9rcoles 19 de febrero los trabajos de limpieza y mantenimiento de 1.3 metros lineales de cauce, desde la calle 82 a 89 hasta la Circulaci\u00f3n 1, en la ca\u00f1ada Morillo, espec\u00edficamente en el tramo La Negra, ubicada en el sector Primero de Mayo de la parroquia Chiquinquir\u00e1.<\/p>\n\n\n\n<p>Esta iniciativa forma parte del Plan Integral de Saneamiento y Mantenimiento Ambiental que la municipalidad lleva adelante en las 18 parroquias de la ciudad, con el objetivo de prevenir inundaciones y mejorar la calidad de vida de los marabinos.<\/p>\n\n\n\n<p>Adri\u00e1n Romero Mart\u00ednez, alcalde encargado de Maracaibo, inspeccion\u00f3 el inicio de los trabajos en la cual destac\u00f3 la importancia de los mismo para la seguridad y el bienestar de los vecinos del sector primero de mayo que viven al pie de la ca\u00f1ada.<\/p>\n\n\n\n<p>\u00abEstamos comprometidos con mantener nuestras ca\u00f1adas limpias y fluyendo como manera de prevenci\u00f3n antes de que llegu\u00e9 la \u00e9poca de lluvias. Con estos trabajos se beneficiar\u00e1n 80 mil 656 habitantes de este sector\u00bb, afirm\u00f3 el alcalde encargado delante de los vecinos de la zona.<\/p>\n\n\n\n<figure class=\"wp-block-image size-large\"><img fetchpriority=\"high\" decoding=\"async\" width=\"1024\" height=\"576\" src=\"https:\/\/entretormentas.com\/wp-content\/uploads\/2025\/02\/image-233-1024x576.png\" alt=\"\" class=\"wp-image-13522\" srcset=\"https:\/\/entretormentas.com\/wp-content\/uploads\/2025\/02\/image-233-1024x576.png 1024w, https:\/\/entretormentas.com\/wp-content\/uploads\/2025\/02\/image-233-300x169.png 300w, https:\/\/entretormentas.com\/wp-content\/uploads\/2025\/02\/image-233-768x432.png 768w, https:\/\/entretormentas.com\/wp-content\/uploads\/2025\/02\/image-233-1536x864.png 1536w, https:\/\/entretormentas.com\/wp-content\/uploads\/2025\/02\/image-233-2048x1152.png 2048w\" sizes=\"(max-width: 1024px) 100vw, 1024px\" \/><\/figure>\n\n\n\n<p>Norberto Perozo, presidente del IMA, explic\u00f3 que se remover\u00e1 los sedimentos, maleza y desechos s\u00f3lidos que obstruyen el cauce de la ca\u00f1ada, garantizando as\u00ed el libre flujo de las aguas. \u201cLuego del tramo La Negra avanzaremos hacia el que est\u00e1 al lado de Makro en la avenida La Limpia, que es donde desemboca la ca\u00f1ada\u201d.<\/p>\n\n\n\n<p>Asimismo, hizo un llamado a la conciencia ciudadana para que evite arrojar desechos a las ca\u00f1adas. \u00abEs fundamental que todos colaboremos para mantener limpios estos espacios, ya que esto nos beneficia a todos\u00bb, expres\u00f3.<\/p>\n\n\n\n<p>Neribeth Villalobos, de 41 a\u00f1os, residente de la zona, expres\u00f3 que la Alcald\u00eda de Maracaibo es la \u00fanica que se ha metido en dos oportunidades en la zona para buscar soluciones a esta problem\u00e1tica que llevaba m\u00e1s de 10 a\u00f1os. \u201cEl alcalde Rafael Ram\u00edrez Colina, vino una vez a una inspecci\u00f3n en la zona y la limpiaron. A los meses, con la inconsciencia de la gente y las lluvias del a\u00f1o pasado, los sedimentos nos ten\u00edan completamente colapsado el paso tanto de carros como de gente. Ahora est\u00e1n de nuevo aqu\u00ed ayud\u00e1ndonos. Por eso es que hay que colaborar\u201d.<br><strong><em>ET \/ DCI Alcald\u00eda de Maracaibo<\/em><\/strong><\/p>\n","protected":false},"excerpt":{"rendered":"<p>ENTRE TORMENTAS. La Alcald\u00eda de Maracaibo, a trav\u00e9s del Instituto Municipal del Ambiente (IMA), inici\u00f3&#8230;<\/p>\n","protected":false},"author":2,"featured_media":13521,"comment_status":"closed","ping_status":"open","sticky":false,"template":"","format":"standard","meta":{"footnotes":""},"categories":[57,1],"tags":[],"class_list":["post-13520","post","type-post","status-publish","format-standard","has-post-thumbnail","hentry","category-actualidad","category-regionales"],"_links":{"self":[{"href":"https:\/\/entretormentas.com\/index.php?rest_route=\/wp\/v2\/posts\/13520","targetHints":{"allow":["GET"]}}],"collection":[{"href":"https:\/\/entretormentas.com\/index.php?rest_route=\/wp\/v2\/posts"}],"about":[{"href":"https:\/\/entretormentas.com\/index.php?rest_route=\/wp\/v2\/types\/post"}],"author":[{"embeddable":true,"href":"https:\/\/entretormentas.com\/index.php?rest_route=\/wp\/v2\/users\/2"}],"replies":[{"embeddable":true,"href":"https:\/\/entretormentas.com\/index.php?rest_route=%2Fwp%2Fv2%2Fcomments&post=13520"}],"version-history":[{"count":1,"href":"https:\/\/entretormentas.com\/index.php?rest_route=\/wp\/v2\/posts\/13520\/revisions"}],"predecessor-version":[{"id":13525,"href":"https:\/\/entretormentas.com\/index.php?rest_route=\/wp\/v2\/posts\/13520\/revisions\/13525"}],"wp:featuredmedia":[{"embeddable":true,"href":"https:\/\/entretormentas.com\/index.php?rest_route=\/wp\/v2\/media\/13521"}],"wp:attachment":[{"href":"https:\/\/entretormentas.com\/index.php?rest_route=%2Fwp%2Fv2%2Fmedia&parent=13520"}],"wp:term":[{"taxonomy":"category","embeddable":true,"href":"https:\/\/entretormentas.com\/index.php?rest_route=%2Fwp%2Fv2%2Fcategories&post=13520"},{"taxonomy":"post_tag","embeddable":true,"href":"https:\/\/entretormentas.com\/index.php?rest_route=%2Fwp%2Fv2%2Ftags&post=13520"}],"curies":[{"name":"wp","href":"https:\/\/api.w.org\/{rel}","templated":true}]}}