{"id":13526,"date":"2025-02-26T07:01:29","date_gmt":"2025-02-26T06:01:29","guid":{"rendered":"https:\/\/entretormentas.com\/?p=13526"},"modified":"2025-02-26T07:01:30","modified_gmt":"2025-02-26T06:01:30","slug":"cumpliendo-en-un-90-por-ciento-se-ha-recuperado-la-recoleccion-de-desechos-en-san-francisco","status":"publish","type":"post","link":"https:\/\/entretormentas.com\/cumpliendo-en-un-90-por-ciento-se-ha-recuperado-la-recoleccion-de-desechos-en-san-francisco\/","title":{"rendered":"\u00a1CUMPLIENDO! En un 90 por ciento se ha recuperado la recolecci\u00f3n de desechos en San Francisco"},"content":{"rendered":"\n<p><strong>ENTRE TORMENTAS.<\/strong> La alcald\u00eda de San Francisco bajo la gesti\u00f3n de Gustavo Fern\u00e1ndez M\u00e9ndez, a trav\u00e9s del Instituto P\u00fablico Municipal de Ambiente y Aseo Urbano, ha venido recuperando en un 90 por ciento las operaciones del servicio de aseo en todo el municipio.<\/p>\n\n\n\n<p>En reuni\u00f3n sostenida con las autoridades de Imasur y parte del gabinete municipal, se analizaron los objetivos alcanzados en materia de recolecci\u00f3n de desechos s\u00f3lidos, planificando a su vez estrategias para optimizar las rutas y las jornadas especiales de limpieza para cubrir en un cien por ciento con este importante servicio p\u00fablico.<\/p>\n\n\n\n<figure class=\"wp-block-image size-large\"><img fetchpriority=\"high\" decoding=\"async\" width=\"1024\" height=\"768\" src=\"https:\/\/entretormentas.com\/wp-content\/uploads\/2025\/02\/image-237-1024x768.png\" alt=\"\" class=\"wp-image-13528\" srcset=\"https:\/\/entretormentas.com\/wp-content\/uploads\/2025\/02\/image-237-1024x768.png 1024w, https:\/\/entretormentas.com\/wp-content\/uploads\/2025\/02\/image-237-300x225.png 300w, https:\/\/entretormentas.com\/wp-content\/uploads\/2025\/02\/image-237-768x576.png 768w, https:\/\/entretormentas.com\/wp-content\/uploads\/2025\/02\/image-237.png 1280w\" sizes=\"(max-width: 1024px) 100vw, 1024px\" \/><\/figure>\n\n\n\n<p>\u00abEstamos recolectando 600 toneladas diarias de desechos s\u00f3lidos. De la mano con los ciudadanos conscientes nuestra prioridad en este 2025 es mantener un San Francisco Limpio y hacia all\u00e1 vamos enrumbados\u00bb, enfatiz\u00f3 el mandatario municipal.<\/p>\n\n\n\n<p>Por su parte, Carlos Calles, presidente de Imasur, indic\u00f3 que los vecinos deben abstenerse de arrojar residuos en lugares no permitidos, porque le acarrean un problema a la municipalidad, pero afecta directamente a los ciudadanos. \u00abDeben respetar el cronograma establecido, es decir el d\u00eda, la hora y el sector para la respectiva recolecci\u00f3n\u00bb, anadi\u00f3.<\/p>\n\n\n\n<p>La gesti\u00f3n del alcalde Fern\u00e1ndez contin\u00faa redoblando esfuerzos por mantener un municipio limpio libre de basura, con espacios recuperados humanizados, con nuevo rostro, contribuyendo con el embellecimiento de la ciudad en un entorno m\u00e1s armonioso y saludable para todos.<br><strong><em>ET \/ Alcald\u00eda de San Francisco<\/em><\/strong><\/p>\n\n\n\n<p><\/p>\n","protected":false},"excerpt":{"rendered":"<p>ENTRE TORMENTAS. La alcald\u00eda de San Francisco bajo la gesti\u00f3n de Gustavo Fern\u00e1ndez M\u00e9ndez, a&#8230;<\/p>\n","protected":false},"author":2,"featured_media":13527,"comment_status":"closed","ping_status":"open","sticky":false,"template":"","format":"standard","meta":{"footnotes":""},"categories":[57,1],"tags":[],"class_list":["post-13526","post","type-post","status-publish","format-standard","has-post-thumbnail","hentry","category-actualidad","category-regionales"],"_links":{"self":[{"href":"https:\/\/entretormentas.com\/index.php?rest_route=\/wp\/v2\/posts\/13526","targetHints":{"allow":["GET"]}}],"collection":[{"href":"https:\/\/entretormentas.com\/index.php?rest_route=\/wp\/v2\/posts"}],"about":[{"href":"https:\/\/entretormentas.com\/index.php?rest_route=\/wp\/v2\/types\/post"}],"author":[{"embeddable":true,"href":"https:\/\/entretormentas.com\/index.php?rest_route=\/wp\/v2\/users\/2"}],"replies":[{"embeddable":true,"href":"https:\/\/entretormentas.com\/index.php?rest_route=%2Fwp%2Fv2%2Fcomments&post=13526"}],"version-history":[{"count":1,"href":"https:\/\/entretormentas.com\/index.php?rest_route=\/wp\/v2\/posts\/13526\/revisions"}],"predecessor-version":[{"id":13529,"href":"https:\/\/entretormentas.com\/index.php?rest_route=\/wp\/v2\/posts\/13526\/revisions\/13529"}],"wp:featuredmedia":[{"embeddable":true,"href":"https:\/\/entretormentas.com\/index.php?rest_route=\/wp\/v2\/media\/13527"}],"wp:attachment":[{"href":"https:\/\/entretormentas.com\/index.php?rest_route=%2Fwp%2Fv2%2Fmedia&parent=13526"}],"wp:term":[{"taxonomy":"category","embeddable":true,"href":"https:\/\/entretormentas.com\/index.php?rest_route=%2Fwp%2Fv2%2Fcategories&post=13526"},{"taxonomy":"post_tag","embeddable":true,"href":"https:\/\/entretormentas.com\/index.php?rest_route=%2Fwp%2Fv2%2Ftags&post=13526"}],"curies":[{"name":"wp","href":"https:\/\/api.w.org\/{rel}","templated":true}]}}