{"id":13539,"date":"2025-02-26T09:03:26","date_gmt":"2025-02-26T08:03:26","guid":{"rendered":"https:\/\/entretormentas.com\/?p=13539"},"modified":"2025-02-26T09:03:27","modified_gmt":"2025-02-26T08:03:27","slug":"proximamente-gobierno-chileno-anuncia-que-recurrira-a-la-cpi-por-crimen-de-ronald-ojeda","status":"publish","type":"post","link":"https:\/\/entretormentas.com\/proximamente-gobierno-chileno-anuncia-que-recurrira-a-la-cpi-por-crimen-de-ronald-ojeda\/","title":{"rendered":"\u00a1PR\u00d3XIMAMENTE! Gobierno chileno anuncia que recurrir\u00e1 a la CPI por crimen de Ronald Ojeda"},"content":{"rendered":"\n<p><strong>ENTRE TORMENTAS. <\/strong>La ministra de Interior chilena, Carolina Toh\u00e1, anunci\u00f3 la noche del lunes que Chile recurrir\u00e1 \u201cpr\u00f3ximamente\u201d a la Corte Penal Internacional (CPI), con sede en La Haya (Pa\u00edses Bajos), por la investigaci\u00f3n del crimen del exmilitar venezolano Ronald Ojeda, ocurrido hace un a\u00f1o.<\/p>\n\n\n\n<p>\u201cVamos a ir a la Corte antes que se termine la investigaci\u00f3n, entreg\u00e1ndole los antecedentes que se puedan entregar. No vamos a esperar que la investigaci\u00f3n termine para que la CPI tenga estos elementos, los que hay hasta ahora, dijo la ministra en un reportaje del canal local 24 Horas.<\/p>\n\n\n\n<p>Ojeda fue asilado pol\u00edtico en Chile desde 2023, y secuestrado el 21 de febrero de 2024 por un grupo de hombres vestidos como agentes policiales chilenos, el cad\u00e1ver fue hallado diez d\u00edas despu\u00e9s, sepultado debajo de un bloque de cemento, a las afueras de la capital.<\/p>\n\n\n\n<p>Aunque no precis\u00f3 la fecha concreta, Toh\u00e1 asegur\u00f3 que el Gobierno \u201cest\u00e1 agendando y coordinando los detalles\u201d para entregar la informaci\u00f3n al tribunal penal, el m\u00e1s alto del mundo que puede juzgar a jefes de Estado y jefes militares por cr\u00edmenes de guerra, cr\u00edmenes de lesa humanidad, genocidio y crimen de agresi\u00f3n.<\/p>\n\n\n\n<p>La familia tambi\u00e9n pide que se investigue si las autoridades chilenas facilitaron a las venezolanas la ubicaci\u00f3n de Ojeda en virtud de un convenio de cooperaci\u00f3n bilateral en materia policial firmado entre ambos pa\u00edses semanas antes del asesinato del exteniente.<\/p>\n\n\n\n<p>\u201cEn ning\u00fan caso iban a entregarse antecedentes de sus movimientos (de Ojeda) al pa\u00eds del cual se estaba refugiado, lo que no quiere decir que desde Venezuela no haya habido monitoreo de sus movimientos y sus redes sociales, pero Chile no tiene que ver\u201d, se\u00f1al\u00f3 la ministra en el reportaje.<\/p>\n\n\n\n<p>Hasta ahora, han sido detenidos en Chile, Colombia, Costa Rica y Estados Unidos varios miembros de la banda transnacional de origen venezolano Tren de Aragua, pero a\u00fan se desconocen qui\u00e9nes fueron los autores intelectuales y cu\u00e1nto se pag\u00f3 por un crimen que ha provocado un frontal enfrentamiento entre los Gobiernos de Chile y Caracas.<\/p>\n\n\n\n<p>\u201cNo vamos a dar por cerrado el cap\u00edtulo de levantarle a Venezuela las obligaciones que tiene, adem\u00e1s de las relaciones diplom\u00e1ticas \u2013que est\u00e1n en punto de congelamiento pero no rotas\u2013 hay convenios internacionales, est\u00e1 la Interpol y hay otros mecanismos por los que hacer ciertas solicitudes\u201d, cerr\u00f3 Toh\u00e1.<br><strong><em>ET \/ Agencias<\/em><\/strong><\/p>\n\n\n\n<p><\/p>\n","protected":false},"excerpt":{"rendered":"<p>ENTRE TORMENTAS. La ministra de Interior chilena, Carolina Toh\u00e1, anunci\u00f3 la noche del lunes que&#8230;<\/p>\n","protected":false},"author":2,"featured_media":13540,"comment_status":"closed","ping_status":"open","sticky":false,"template":"","format":"standard","meta":{"footnotes":""},"categories":[56,48],"tags":[],"class_list":["post-13539","post","type-post","status-publish","format-standard","has-post-thumbnail","hentry","category-destacadas","category-internacionales"],"_links":{"self":[{"href":"https:\/\/entretormentas.com\/index.php?rest_route=\/wp\/v2\/posts\/13539","targetHints":{"allow":["GET"]}}],"collection":[{"href":"https:\/\/entretormentas.com\/index.php?rest_route=\/wp\/v2\/posts"}],"about":[{"href":"https:\/\/entretormentas.com\/index.php?rest_route=\/wp\/v2\/types\/post"}],"author":[{"embeddable":true,"href":"https:\/\/entretormentas.com\/index.php?rest_route=\/wp\/v2\/users\/2"}],"replies":[{"embeddable":true,"href":"https:\/\/entretormentas.com\/index.php?rest_route=%2Fwp%2Fv2%2Fcomments&post=13539"}],"version-history":[{"count":1,"href":"https:\/\/entretormentas.com\/index.php?rest_route=\/wp\/v2\/posts\/13539\/revisions"}],"predecessor-version":[{"id":13541,"href":"https:\/\/entretormentas.com\/index.php?rest_route=\/wp\/v2\/posts\/13539\/revisions\/13541"}],"wp:featuredmedia":[{"embeddable":true,"href":"https:\/\/entretormentas.com\/index.php?rest_route=\/wp\/v2\/media\/13540"}],"wp:attachment":[{"href":"https:\/\/entretormentas.com\/index.php?rest_route=%2Fwp%2Fv2%2Fmedia&parent=13539"}],"wp:term":[{"taxonomy":"category","embeddable":true,"href":"https:\/\/entretormentas.com\/index.php?rest_route=%2Fwp%2Fv2%2Fcategories&post=13539"},{"taxonomy":"post_tag","embeddable":true,"href":"https:\/\/entretormentas.com\/index.php?rest_route=%2Fwp%2Fv2%2Ftags&post=13539"}],"curies":[{"name":"wp","href":"https:\/\/api.w.org\/{rel}","templated":true}]}}