{"id":13552,"date":"2025-02-26T09:14:36","date_gmt":"2025-02-26T08:14:36","guid":{"rendered":"https:\/\/entretormentas.com\/?p=13552"},"modified":"2025-02-26T09:14:37","modified_gmt":"2025-02-26T08:14:37","slug":"alzan-su-voz-familiares-de-presos-politicos-exigen-a-la-defensa-publica-cumplir-sus-labores-y-velar-por-los-detenidos","status":"publish","type":"post","link":"https:\/\/entretormentas.com\/alzan-su-voz-familiares-de-presos-politicos-exigen-a-la-defensa-publica-cumplir-sus-labores-y-velar-por-los-detenidos\/","title":{"rendered":"\u00a1ALZAN SU VOZ! Familiares de presos pol\u00edticos exigen a la Defensa P\u00fablica cumplir sus labores y velar por los detenidos"},"content":{"rendered":"\n<p><strong>ENTRE TORMENTAS. <\/strong>Este martes, un grupo de familiares de presos pol\u00edticos asistieron a la sede administrativa de la Defensa P\u00fablica, su objetivo es la de pedirle a las autoridades de esa instituci\u00f3n hacer cumplir los art\u00edculos de las leyes venezolanas y velar por los derechos humanos de sus seres queridos.<\/p>\n\n\n\n<p>El acto realizado en las afueras de la Defensa P\u00fablica forma parte de una \u00abRuta por la Justicia y Libertad\u00bb que activistas, familiares y amigos est\u00e1n realizando por las instituciones del Estado con la intenci\u00f3n de visualizar los casos de los presos que actualmente existen en Venezuela.<\/p>\n\n\n\n<p>Sus exigencias son: La asistencia judicial efectiva, garant\u00eda del derecho a la defensa y presentaciones en la ciudad de residencia de los excarcelados.<\/p>\n\n\n\n<p>Edgar Garc\u00eda, familiar de unos de los detenidos por los hechos poselectorales, sostuvo que a su hermano le impusieron un defensor p\u00fablico y no le dieron la oportunidad de asignar a uno de su confianza.<\/p>\n\n\n\n<p>Adem\u00e1s, Garc\u00eda aprovech\u00f3 la oportunidad para denunciar malos tratos recibidos por parte de su familiar en el Rodeo I. \u00abSon tratados como delincuentes, mi hermano no es un terrorista. Su caso es muy peculiar porque el no estaba protestando. A veces le niegan las visitas y pasamos tiempo sin saber de \u00e9l\u00bb.<\/p>\n\n\n\n<p>Garc\u00eda pidi\u00f3 a todas las autoridades competentes abocarse a los detenidos poselectorales y velar por sus derechos fundamentales.<br><strong><em>ET \/ Contrapunto<\/em><\/strong><\/p>\n\n\n\n<p><\/p>\n","protected":false},"excerpt":{"rendered":"<p>ENTRE TORMENTAS. Este martes, un grupo de familiares de presos pol\u00edticos asistieron a la sede&#8230;<\/p>\n","protected":false},"author":2,"featured_media":13553,"comment_status":"closed","ping_status":"open","sticky":false,"template":"","format":"standard","meta":{"footnotes":""},"categories":[56,49],"tags":[],"class_list":["post-13552","post","type-post","status-publish","format-standard","has-post-thumbnail","hentry","category-destacadas","category-nacionales"],"_links":{"self":[{"href":"https:\/\/entretormentas.com\/index.php?rest_route=\/wp\/v2\/posts\/13552","targetHints":{"allow":["GET"]}}],"collection":[{"href":"https:\/\/entretormentas.com\/index.php?rest_route=\/wp\/v2\/posts"}],"about":[{"href":"https:\/\/entretormentas.com\/index.php?rest_route=\/wp\/v2\/types\/post"}],"author":[{"embeddable":true,"href":"https:\/\/entretormentas.com\/index.php?rest_route=\/wp\/v2\/users\/2"}],"replies":[{"embeddable":true,"href":"https:\/\/entretormentas.com\/index.php?rest_route=%2Fwp%2Fv2%2Fcomments&post=13552"}],"version-history":[{"count":1,"href":"https:\/\/entretormentas.com\/index.php?rest_route=\/wp\/v2\/posts\/13552\/revisions"}],"predecessor-version":[{"id":13554,"href":"https:\/\/entretormentas.com\/index.php?rest_route=\/wp\/v2\/posts\/13552\/revisions\/13554"}],"wp:featuredmedia":[{"embeddable":true,"href":"https:\/\/entretormentas.com\/index.php?rest_route=\/wp\/v2\/media\/13553"}],"wp:attachment":[{"href":"https:\/\/entretormentas.com\/index.php?rest_route=%2Fwp%2Fv2%2Fmedia&parent=13552"}],"wp:term":[{"taxonomy":"category","embeddable":true,"href":"https:\/\/entretormentas.com\/index.php?rest_route=%2Fwp%2Fv2%2Fcategories&post=13552"},{"taxonomy":"post_tag","embeddable":true,"href":"https:\/\/entretormentas.com\/index.php?rest_route=%2Fwp%2Fv2%2Ftags&post=13552"}],"curies":[{"name":"wp","href":"https:\/\/api.w.org\/{rel}","templated":true}]}}