{"id":13559,"date":"2025-02-27T00:23:32","date_gmt":"2025-02-26T23:23:32","guid":{"rendered":"https:\/\/entretormentas.com\/?p=13559"},"modified":"2025-02-27T00:23:33","modified_gmt":"2025-02-26T23:23:33","slug":"varias-opciones-instituto-publico-municipal-de-cultura-de-san-francisco-inicia-talleres-de-motivacion-cultural","status":"publish","type":"post","link":"https:\/\/entretormentas.com\/varias-opciones-instituto-publico-municipal-de-cultura-de-san-francisco-inicia-talleres-de-motivacion-cultural\/","title":{"rendered":"\u00a1VARIAS OPCIONES! Instituto P\u00fablico Municipal de Cultura de San Francisco inicia talleres de motivaci\u00f3n cultural"},"content":{"rendered":"\n<p><strong>ENTRE TORMENTAS.<\/strong> A partir del 5 de marzo, el Instituto P\u00fablico Municipal de Cultura Juan de Dios Mart\u00ednez, de San Francisco, iniciar\u00e1 los Talleres de Motivaci\u00f3n Cultural en todas las parroquias del municipio, avalados por la gesti\u00f3n del alcalde Gustavo Fern\u00e1ndez M\u00e9ndez.<\/p>\n\n\n\n<p>Ra\u00fal Fern\u00e1ndez, presidente del Instituto, explic\u00f3 que estos talleres se estar\u00e1n realizando en colaboraci\u00f3n con las secretar\u00edas parroquiales sanfranciscanas y tienen como objetivo expandir la ense\u00f1anza de las disciplinas culturales a todos los habitantes del municipio.<\/p>\n\n\n\n<p>Fern\u00e1ndez destac\u00f3 que \u00abtenemos&nbsp;un mont\u00f3n de propuestas&nbsp;para este a\u00f1o y planeamos brindar m\u00e1s de 30 talleres&nbsp;en las parroquias. Hay muchas opciones art\u00edsticas para poder participar y seguramente a medida que avance el a\u00f1o&nbsp;iremos incorporando m\u00e1s\u00bb.<\/p>\n\n\n\n<figure class=\"wp-block-image size-large\"><img fetchpriority=\"high\" decoding=\"async\" width=\"1024\" height=\"768\" src=\"https:\/\/entretormentas.com\/wp-content\/uploads\/2025\/02\/image-251-1024x768.png\" alt=\"\" class=\"wp-image-13561\" srcset=\"https:\/\/entretormentas.com\/wp-content\/uploads\/2025\/02\/image-251-1024x768.png 1024w, https:\/\/entretormentas.com\/wp-content\/uploads\/2025\/02\/image-251-300x225.png 300w, https:\/\/entretormentas.com\/wp-content\/uploads\/2025\/02\/image-251-768x576.png 768w, https:\/\/entretormentas.com\/wp-content\/uploads\/2025\/02\/image-251.png 1280w\" sizes=\"(max-width: 1024px) 100vw, 1024px\" \/><\/figure>\n\n\n\n<p><strong>Los talleres que se estar\u00e1n impartiendo son:<\/strong><\/p>\n\n\n\n<p><strong>Mi\u00e9rcoles 5\/03\/2025<br>Taller de Percusi\u00f3n Gaitera<\/strong><br>Hora 4:00 pm a 6:00 pm<br>Lugar: Sede de la Secretar\u00eda Parroquial de El Bajo<br>Responsable: Norelys Bracho (0414-9651994)<\/p>\n\n\n\n<p><strong>Viernes 07\/03\/2025<br>Taller de Percusi\u00f3n Gaitera y Voces<\/strong><br>Hora 4:00 pm a 6:00 pm<br>Lugar: Sede de la Secretar\u00eda Parroquial Marcial Hern\u00e1ndez<br>Responsable: Freddy Mendoza (0424-6187805)<\/p>\n\n\n\n<p><strong>Martes 11\/03\/2025<br>Taller de Danza (Vals Zuliano)<\/strong><br>Hora 4:00 pm a 6:00 pm<br>Lugar: Casa Cultural Luisa Higuera \u2013 Parroquia Los Cortijos<br>Responsable: Judith Leal (0412-1704476)<\/p>\n\n\n\n<p><strong>Mi\u00e9rcoles 12\/03\/2025<br>Taller de Ballet<\/strong><br>Hora 4:00 pm a 6:00 pm<br>Lugar: Casa Cultural Lula L\u00f3pez \u2013 Parroquia Francisco Ochoa<br>Responsable: Alvis Soto (0424-6078995)<\/p>\n\n\n\n<p><strong>Jueves 13\/03\/2025<br>Taller de Percusi\u00f3n Gaitera<\/strong><br>Hora 4:00 pm a 6:00 pm<br>Lugar: Cancha 24 de Julio &#8211; Parroquia Domitila Flores<br>Responsable: Judith Vera (0414-6688251)<\/p>\n\n\n\n<p><strong>Lunes 17\/03\/2025<br>Taller de Danza (Joropo)<\/strong><br>Hora 4:00 pm a 6:00 pm<br>Lugar: Casa Cultural Juan de Dios Mart\u00ednez<br>Responsable: Keillys Hern\u00e1ndez (0424-6182341)<\/p>\n\n\n\n<p><strong>Martes 18\/03\/2025<br>Taller de Golpe Larense (Danza)<\/strong><br>Hora 4:00 pm a 6:00 pm<br>Lugar: Cancha del lote H &#8211; Parroquia Jos\u00e9 Domingo Rus<br>Responsable: Nuris Villalobos (0414-0370034)<\/p>\n\n\n\n<p><strong>Mi\u00e9rcoles 19\/03\/2025<br>Taller de Danza (Vals zuliano)<\/strong><br>Hora 4:00 pm a 6:00 pm<br>Lugar: Sede de la Secretar\u00eda Parroquial Marcial Hern\u00e1ndez<br>Responsable: Freddy Mendoza (0424-6187805)<\/p>\n\n\n\n<p><strong>Jueves 20\/03\/2025<br>Taller de Artes Pl\u00e1sticas<\/strong><br>Hora 4:00 pm a 6:00 pm<br>Lugar: Casa Cultural Luisa Higuera &#8211; Parroquia Los Cortijos<br>Responsable: Judith Leal (0412-1704476)<\/p>\n\n\n\n<p>Para mayor informaci\u00f3n e inscripciones, los interesados pueden consultar las redes sociales @cultura_sanfco y alcaldia_sanfco.<br><strong><em>ET \/ Alcald\u00eda de San Francisco<\/em><\/strong><\/p>\n\n\n\n<p><\/p>\n","protected":false},"excerpt":{"rendered":"<p>ENTRE TORMENTAS. A partir del 5 de marzo, el Instituto P\u00fablico Municipal de Cultura Juan&#8230;<\/p>\n","protected":false},"author":2,"featured_media":13560,"comment_status":"closed","ping_status":"open","sticky":false,"template":"","format":"standard","meta":{"footnotes":""},"categories":[1],"tags":[],"class_list":["post-13559","post","type-post","status-publish","format-standard","has-post-thumbnail","hentry","category-regionales"],"_links":{"self":[{"href":"https:\/\/entretormentas.com\/index.php?rest_route=\/wp\/v2\/posts\/13559","targetHints":{"allow":["GET"]}}],"collection":[{"href":"https:\/\/entretormentas.com\/index.php?rest_route=\/wp\/v2\/posts"}],"about":[{"href":"https:\/\/entretormentas.com\/index.php?rest_route=\/wp\/v2\/types\/post"}],"author":[{"embeddable":true,"href":"https:\/\/entretormentas.com\/index.php?rest_route=\/wp\/v2\/users\/2"}],"replies":[{"embeddable":true,"href":"https:\/\/entretormentas.com\/index.php?rest_route=%2Fwp%2Fv2%2Fcomments&post=13559"}],"version-history":[{"count":1,"href":"https:\/\/entretormentas.com\/index.php?rest_route=\/wp\/v2\/posts\/13559\/revisions"}],"predecessor-version":[{"id":13562,"href":"https:\/\/entretormentas.com\/index.php?rest_route=\/wp\/v2\/posts\/13559\/revisions\/13562"}],"wp:featuredmedia":[{"embeddable":true,"href":"https:\/\/entretormentas.com\/index.php?rest_route=\/wp\/v2\/media\/13560"}],"wp:attachment":[{"href":"https:\/\/entretormentas.com\/index.php?rest_route=%2Fwp%2Fv2%2Fmedia&parent=13559"}],"wp:term":[{"taxonomy":"category","embeddable":true,"href":"https:\/\/entretormentas.com\/index.php?rest_route=%2Fwp%2Fv2%2Fcategories&post=13559"},{"taxonomy":"post_tag","embeddable":true,"href":"https:\/\/entretormentas.com\/index.php?rest_route=%2Fwp%2Fv2%2Ftags&post=13559"}],"curies":[{"name":"wp","href":"https:\/\/api.w.org\/{rel}","templated":true}]}}