{"id":13563,"date":"2025-02-27T00:30:39","date_gmt":"2025-02-26T23:30:39","guid":{"rendered":"https:\/\/entretormentas.com\/?p=13563"},"modified":"2025-02-27T00:30:39","modified_gmt":"2025-02-26T23:30:39","slug":"en-maracaibo-recogen-mil-700-toneladas-de-desechos-en-el-primer-dia-del-cronograma-3x3","status":"publish","type":"post","link":"https:\/\/entretormentas.com\/en-maracaibo-recogen-mil-700-toneladas-de-desechos-en-el-primer-dia-del-cronograma-3x3\/","title":{"rendered":"\u00a1EN MARACAIBO! Recogen mil 700 toneladas de desechos en el primer d\u00eda del cronograma 3&#215;3"},"content":{"rendered":"\n<p><strong>ENTRE TORMENTAS. <\/strong>Este 24 de febrero arranc\u00f3 el nuevo cronograma de recolecci\u00f3n de desecho 3&#215;3 en las 18 parroquias de Maracaibo. La Alcald\u00eda de Maracaibo a trav\u00e9s de Instituto Municipal de Aseo Urbano y Domiciliario (IMAU) atendi\u00f3 este lunes a: Juana de \u00c1vila, Luis Hurtado Higuera, Francisco Eugenio Bustamante, Olegario Villalobos, Cristo de Aranza, Venancio Pulgar, Manuel Dagnino y San Isidro.<\/p>\n\n\n\n<p>Un total de mil 720 toneladas se recolectaron en estas ochos parroquias que tambi\u00e9n ser\u00e1n atendidas los d\u00edas mi\u00e9rcoles y viernes, mientras que a Coquivacoa, Idelfonso V\u00e1squez, Caracciolo Parra P\u00e9rez, Ra\u00fal Leoni, Chiquinquir\u00e1, Santa Luc\u00eda, Bol\u00edvar, Cacique, Mara, Cecilio Acosta y Antonio Borjas Romero, el aseo llegar\u00e1 los d\u00edas martes, jueves y s\u00e1bados.<\/p>\n\n\n\n<figure class=\"wp-block-image size-large\"><img fetchpriority=\"high\" decoding=\"async\" width=\"1024\" height=\"681\" src=\"https:\/\/entretormentas.com\/wp-content\/uploads\/2025\/02\/image-253-1024x681.png\" alt=\"\" class=\"wp-image-13565\" srcset=\"https:\/\/entretormentas.com\/wp-content\/uploads\/2025\/02\/image-253-1024x681.png 1024w, https:\/\/entretormentas.com\/wp-content\/uploads\/2025\/02\/image-253-300x200.png 300w, https:\/\/entretormentas.com\/wp-content\/uploads\/2025\/02\/image-253-768x511.png 768w, https:\/\/entretormentas.com\/wp-content\/uploads\/2025\/02\/image-253-1536x1021.png 1536w, https:\/\/entretormentas.com\/wp-content\/uploads\/2025\/02\/image-253.png 1600w\" sizes=\"(max-width: 1024px) 100vw, 1024px\" \/><\/figure>\n\n\n\n<p>Marco Rivero, presidente del IMAU, coment\u00f3 que para esta jornada se reforz\u00f3 el personal y la maquinaria.<\/p>\n\n\n\n<p>\u201cHemos utilizado 53 camiones recolectores para la atenci\u00f3n de estas ocho parroquias; 14 camiones volteos, 60 ambientalistas, dos volquetas y tres retroexcavadoras con los cuales pudimos recoger mil 720 toneladas de desechos s\u00f3lidos, y seguir con la frecuencia de recolecci\u00f3n sobre el 90 % en la ciudad\u201d, recalc\u00f3 Rivero.<\/p>\n\n\n\n<p>Explic\u00f3 que la recolecci\u00f3n nocturna ser\u00e1 exclusivamente para los corredores viales de la capital marabina.<\/p>\n\n\n\n<p><strong>M\u00c1S BENEFICIO CON EL 3X3<\/strong><br>Evelyn Finol, residente del sector La Misi\u00f3n, de la parroquia Manuel Dagnino coment\u00f3 que este cambio en el cronograma de recolecci\u00f3n a 3&#215;3 beneficiar\u00e1 mucho m\u00e1s a la comunidad, \u201cya que mientras m\u00e1s pase el aseo, menos basura habr\u00e1 en los sectores y la parroquia estar\u00e1 m\u00e1s limpia\u201d.<\/p>\n\n\n\n<figure class=\"wp-block-image size-large\"><img decoding=\"async\" width=\"1024\" height=\"681\" src=\"https:\/\/entretormentas.com\/wp-content\/uploads\/2025\/02\/image-254-1024x681.png\" alt=\"\" class=\"wp-image-13566\" srcset=\"https:\/\/entretormentas.com\/wp-content\/uploads\/2025\/02\/image-254-1024x681.png 1024w, https:\/\/entretormentas.com\/wp-content\/uploads\/2025\/02\/image-254-300x200.png 300w, https:\/\/entretormentas.com\/wp-content\/uploads\/2025\/02\/image-254-768x511.png 768w, https:\/\/entretormentas.com\/wp-content\/uploads\/2025\/02\/image-254-1536x1021.png 1536w, https:\/\/entretormentas.com\/wp-content\/uploads\/2025\/02\/image-254.png 1600w\" sizes=\"(max-width: 1024px) 100vw, 1024px\" \/><\/figure>\n\n\n\n<p>\u201cVa comenzando lo nuevo de la frecuencia del 3&#215;3, esperemos que ese plan funcione para que siga avanzado el tema de la recolecci\u00f3n que desde unos meses para ac\u00e1 ha venido mejorando poco a poco\u201d, destac\u00f3 Jes\u00fas Leal, habitante del barrio Jos\u00e9 Gregorio Hern\u00e1ndez, en la parroquia Luis Hurtado Higuera.<\/p>\n\n\n\n<p>Neower Pi\u00f1eiro, quien vive en Cerros de Mar\u00edn manifest\u00f3: \u201cLa verdad que aqu\u00ed en Olegario Villalobos yo veo que el aseo pasa, ojal\u00e1 la nueva recolecci\u00f3n se mantenga para que podamos sacar la basura m\u00e1s seguido\u201d.<br><strong><em>ET \/ DCI Alcald\u00eda de Maracaibo<\/em><\/strong><\/p>\n\n\n\n<p><\/p>\n","protected":false},"excerpt":{"rendered":"<p>ENTRE TORMENTAS. Este 24 de febrero arranc\u00f3 el nuevo cronograma de recolecci\u00f3n de desecho 3&#215;3&#8230;<\/p>\n","protected":false},"author":2,"featured_media":13564,"comment_status":"closed","ping_status":"open","sticky":false,"template":"","format":"standard","meta":{"footnotes":""},"categories":[57,1],"tags":[],"class_list":["post-13563","post","type-post","status-publish","format-standard","has-post-thumbnail","hentry","category-actualidad","category-regionales"],"_links":{"self":[{"href":"https:\/\/entretormentas.com\/index.php?rest_route=\/wp\/v2\/posts\/13563","targetHints":{"allow":["GET"]}}],"collection":[{"href":"https:\/\/entretormentas.com\/index.php?rest_route=\/wp\/v2\/posts"}],"about":[{"href":"https:\/\/entretormentas.com\/index.php?rest_route=\/wp\/v2\/types\/post"}],"author":[{"embeddable":true,"href":"https:\/\/entretormentas.com\/index.php?rest_route=\/wp\/v2\/users\/2"}],"replies":[{"embeddable":true,"href":"https:\/\/entretormentas.com\/index.php?rest_route=%2Fwp%2Fv2%2Fcomments&post=13563"}],"version-history":[{"count":1,"href":"https:\/\/entretormentas.com\/index.php?rest_route=\/wp\/v2\/posts\/13563\/revisions"}],"predecessor-version":[{"id":13567,"href":"https:\/\/entretormentas.com\/index.php?rest_route=\/wp\/v2\/posts\/13563\/revisions\/13567"}],"wp:featuredmedia":[{"embeddable":true,"href":"https:\/\/entretormentas.com\/index.php?rest_route=\/wp\/v2\/media\/13564"}],"wp:attachment":[{"href":"https:\/\/entretormentas.com\/index.php?rest_route=%2Fwp%2Fv2%2Fmedia&parent=13563"}],"wp:term":[{"taxonomy":"category","embeddable":true,"href":"https:\/\/entretormentas.com\/index.php?rest_route=%2Fwp%2Fv2%2Fcategories&post=13563"},{"taxonomy":"post_tag","embeddable":true,"href":"https:\/\/entretormentas.com\/index.php?rest_route=%2Fwp%2Fv2%2Ftags&post=13563"}],"curies":[{"name":"wp","href":"https:\/\/api.w.org\/{rel}","templated":true}]}}