{"id":13568,"date":"2025-02-27T00:35:53","date_gmt":"2025-02-26T23:35:53","guid":{"rendered":"https:\/\/entretormentas.com\/?p=13568"},"modified":"2025-02-27T00:43:56","modified_gmt":"2025-02-26T23:43:56","slug":"en-san-francisco-alcalde-gustavo-fernandez-inspecciona-trabajos-de-recuperacion-de-semaforos","status":"publish","type":"post","link":"https:\/\/entretormentas.com\/en-san-francisco-alcalde-gustavo-fernandez-inspecciona-trabajos-de-recuperacion-de-semaforos\/","title":{"rendered":"\u00a1EN SAN FRANCISCO! Alcalde Gustavo Fern\u00e1ndez inspecciona trabajos de recuperaci\u00f3n de sem\u00e1foros"},"content":{"rendered":"\n<p><strong>ENTRE TORMENTAS. <\/strong>Atendiendo las solicitudes realizadas sobre la reparaci\u00f3n de la red de sem\u00e1foros ubicados en el municipio San Francisco, los ciudadanos que circulan y transitan en las calles y avenidas, se encuentran recibiendo respuestas del alcalde Gustavo Fern\u00e1ndez, con la rehabilitaci\u00f3n y puesta en funcionamiento de unos 17 sem\u00e1foros desde el inicio de la gesti\u00f3n gubernamental.<\/p>\n\n\n\n<figure class=\"wp-block-image size-large\"><img fetchpriority=\"high\" decoding=\"async\" width=\"1024\" height=\"680\" src=\"https:\/\/entretormentas.com\/wp-content\/uploads\/2025\/02\/image-256-1024x680.png\" alt=\"\" class=\"wp-image-13570\" srcset=\"https:\/\/entretormentas.com\/wp-content\/uploads\/2025\/02\/image-256-1024x680.png 1024w, https:\/\/entretormentas.com\/wp-content\/uploads\/2025\/02\/image-256-300x199.png 300w, https:\/\/entretormentas.com\/wp-content\/uploads\/2025\/02\/image-256-768x510.png 768w, https:\/\/entretormentas.com\/wp-content\/uploads\/2025\/02\/image-256.png 1280w\" sizes=\"(max-width: 1024px) 100vw, 1024px\" \/><\/figure>\n\n\n\n<p>El titular municipal refiri\u00f3, que se encuentran supervisando recurrentemente los trabajos de reparaci\u00f3n de cada sem\u00e1foro en cuesti\u00f3n. \u00abEstamos en la av.5 con la calle 158, esta es la entrada a nuestro municipio viniendo desde Maracaibo, estamos inspeccionando la rehabilitaci\u00f3n de los sem\u00e1foros, en San Francisco contamos con 37, de los cuales hemos logrado recuperar 17 durante nuestra gesti\u00f3n\u00bb.<\/p>\n\n\n\n<p>Fern\u00e1ndez tambi\u00e9n inform\u00f3 que la pr\u00f3xima semana estar\u00e1 habilitado el sem\u00e1foro que est\u00e1 frente a la iglesia del Padre V\u00edlchez, ubicado en la Av. 5 con el corredor vial Betulio Gonz\u00e1lez, en donde se espera devolverles seguridad vial a todos los choferes y transe\u00fantes que hacen vida en la zona.<\/p>\n\n\n\n<figure class=\"wp-block-image size-large\"><img decoding=\"async\" width=\"1024\" height=\"680\" src=\"https:\/\/entretormentas.com\/wp-content\/uploads\/2025\/02\/image-257-1024x680.png\" alt=\"\" class=\"wp-image-13571\" srcset=\"https:\/\/entretormentas.com\/wp-content\/uploads\/2025\/02\/image-257-1024x680.png 1024w, https:\/\/entretormentas.com\/wp-content\/uploads\/2025\/02\/image-257-300x199.png 300w, https:\/\/entretormentas.com\/wp-content\/uploads\/2025\/02\/image-257-768x510.png 768w, https:\/\/entretormentas.com\/wp-content\/uploads\/2025\/02\/image-257.png 1280w\" sizes=\"(max-width: 1024px) 100vw, 1024px\" \/><\/figure>\n\n\n\n<p>\u00abLa semana pasada intervinimos el sem\u00e1foro que est\u00e1 en la calle 161, as\u00ed como tambi\u00e9n el que est\u00e1 en el sector La Coromoto, espec\u00edficamente en la esquina de Fiorella, sumando tambi\u00e9n el que est\u00e1 ubicado en la Av. 54A del Barrio Sur Am\u00e9rica, de la parroquia Marcial Hern\u00e1ndez\u00bb, as\u00ed lo inform\u00f3 el primer mandatario municipal.<\/p>\n\n\n\n<p>Por \u00faltimo, el alcalde destac\u00f3 que se han empe\u00f1ado en devolverle la semaforizaci\u00f3n al municipio. \u00abYa que como lo vengo diciendo, nuestro trabajo es en la calle, inspeccionando cada detalle de las obras que hemos decidido emprender por el bienestar del municipio\u00bb.<br><strong><em>ET \/ Alcald\u00eda de San Francisco<\/em><\/strong><\/p>\n","protected":false},"excerpt":{"rendered":"<p>ENTRE TORMENTAS. Atendiendo las solicitudes realizadas sobre la reparaci\u00f3n de la red de sem\u00e1foros ubicados&#8230;<\/p>\n","protected":false},"author":2,"featured_media":13569,"comment_status":"closed","ping_status":"open","sticky":false,"template":"","format":"standard","meta":{"footnotes":""},"categories":[57,1],"tags":[],"class_list":["post-13568","post","type-post","status-publish","format-standard","has-post-thumbnail","hentry","category-actualidad","category-regionales"],"_links":{"self":[{"href":"https:\/\/entretormentas.com\/index.php?rest_route=\/wp\/v2\/posts\/13568","targetHints":{"allow":["GET"]}}],"collection":[{"href":"https:\/\/entretormentas.com\/index.php?rest_route=\/wp\/v2\/posts"}],"about":[{"href":"https:\/\/entretormentas.com\/index.php?rest_route=\/wp\/v2\/types\/post"}],"author":[{"embeddable":true,"href":"https:\/\/entretormentas.com\/index.php?rest_route=\/wp\/v2\/users\/2"}],"replies":[{"embeddable":true,"href":"https:\/\/entretormentas.com\/index.php?rest_route=%2Fwp%2Fv2%2Fcomments&post=13568"}],"version-history":[{"count":1,"href":"https:\/\/entretormentas.com\/index.php?rest_route=\/wp\/v2\/posts\/13568\/revisions"}],"predecessor-version":[{"id":13572,"href":"https:\/\/entretormentas.com\/index.php?rest_route=\/wp\/v2\/posts\/13568\/revisions\/13572"}],"wp:featuredmedia":[{"embeddable":true,"href":"https:\/\/entretormentas.com\/index.php?rest_route=\/wp\/v2\/media\/13569"}],"wp:attachment":[{"href":"https:\/\/entretormentas.com\/index.php?rest_route=%2Fwp%2Fv2%2Fmedia&parent=13568"}],"wp:term":[{"taxonomy":"category","embeddable":true,"href":"https:\/\/entretormentas.com\/index.php?rest_route=%2Fwp%2Fv2%2Fcategories&post=13568"},{"taxonomy":"post_tag","embeddable":true,"href":"https:\/\/entretormentas.com\/index.php?rest_route=%2Fwp%2Fv2%2Ftags&post=13568"}],"curies":[{"name":"wp","href":"https:\/\/api.w.org\/{rel}","templated":true}]}}