{"id":13584,"date":"2025-02-27T08:31:01","date_gmt":"2025-02-27T07:31:01","guid":{"rendered":"https:\/\/entretormentas.com\/?p=13584"},"modified":"2025-02-27T08:31:01","modified_gmt":"2025-02-27T07:31:01","slug":"mario-torres-con-la-ruta-electoral-no-estamos-dejando-de-lado-el-28-j-estamos-defendiendo-al-zulia","status":"publish","type":"post","link":"https:\/\/entretormentas.com\/mario-torres-con-la-ruta-electoral-no-estamos-dejando-de-lado-el-28-j-estamos-defendiendo-al-zulia\/","title":{"rendered":"MARIO TORRES: \u00abCon la ruta electoral no estamos dejando de lado el 28-J, estamos defendiendo al Zulia\u00bb"},"content":{"rendered":"\n<p><strong>ENTRE TORMENTAS. <\/strong>En una reciente entrevista realizada para el programa de radio \u00abFrecuencia Noticias\u00bb, con el periodista Felipe L\u00f3pez, el Dr. Mario Torres, presidente del Colegio de Abogados del estado Zulia y miembro de la Direcci\u00f3n Ejecutiva Regional del partido Un Nuevo Tiempo, inst\u00f3 a la ciudadan\u00eda a participar masivamente en el pr\u00f3ximo proceso electoral a celebrarse el 25 de mayo, recordando que el 28 de julio sigue m\u00e1s latente que nunca.<\/p>\n\n\n\n<p>\u201cAqu\u00ed nadie est\u00e1 pasando la p\u00e1gina, simplemente estamos defendiendo el Zulia. No estamos defendiendo a Manuel Rosales, sino al estado y la manera de hacerlo es yendo a votar. Pero la p\u00e1gina no le hemos pasado, lo del 28 de julio est\u00e1 latente, es un hecho p\u00fablico notorio y comunicacional\u201d manifest\u00f3 Torres.<\/p>\n\n\n\n<p>En este sentido, Torres dijo que UNT ha realizado jornadas de visitas a las diferentes parroquias y municipios del estado, con el objetivo de concientizar a la poblaci\u00f3n sobre la importancia de participar en este proceso electoral y defender la gesti\u00f3n del gobernador Manuel Rosales Guerrero. \u00abTengo que decir con toda propiedad que han sido muy exitosas estas visitas que se han hecho. Ha habido mucha receptividad, hemos aclarado muchos puntos en torno al tema electoral. Algunas personas se sorprenden porque se les habla de que va a haber elecciones este a\u00f1o\u201d expres\u00f3.<\/p>\n\n\n\n<figure class=\"wp-block-image size-large\"><img fetchpriority=\"high\" decoding=\"async\" width=\"576\" height=\"1024\" src=\"https:\/\/entretormentas.com\/wp-content\/uploads\/2025\/02\/image-264-576x1024.png\" alt=\"\" class=\"wp-image-13586\" srcset=\"https:\/\/entretormentas.com\/wp-content\/uploads\/2025\/02\/image-264-576x1024.png 576w, https:\/\/entretormentas.com\/wp-content\/uploads\/2025\/02\/image-264-169x300.png 169w, https:\/\/entretormentas.com\/wp-content\/uploads\/2025\/02\/image-264-768x1365.png 768w, https:\/\/entretormentas.com\/wp-content\/uploads\/2025\/02\/image-264-864x1536.png 864w, https:\/\/entretormentas.com\/wp-content\/uploads\/2025\/02\/image-264-1024x1820.png 1024w, https:\/\/entretormentas.com\/wp-content\/uploads\/2025\/02\/image-264.png 1080w\" sizes=\"(max-width: 576px) 100vw, 576px\" \/><\/figure>\n\n\n\n<p>Asimismo, el jurista resalt\u00f3 el compromiso de Rosales con el pueblo zuliano desde el 2021. \u201cLa gesti\u00f3n del gobernador ha sido exitosa. Se han arreglado los hospitales, las escuelas, la vialidad, los programas sociales, los alimentos a buenos costos\u2026 Para nadie es un secreto que nos ha devuelto a todos la esperanza de poder vivir mejor, de poder tener un Zulia tranquilo, un Zulia que funcione\u201d puntualiz\u00f3.<\/p>\n\n\n\n<p>Por otro lado, se refiri\u00f3 a la divisi\u00f3n que se ha presentado dentro de la oposici\u00f3n, mencionando que, aunque algunos partidos como Acci\u00f3n Democr\u00e1tica han anunciado su abstenci\u00f3n, existen otros sectores, incluyendo algunos miembros de AD, que s\u00ed participar\u00e1n en el proceso.<\/p>\n\n\n\n<p>Torres concluy\u00f3 recordando que \u201ctenemos a la vuelta de la esquina\u201d un proceso de reforma constitucional, donde si se cumplen los procesos y procedimientos legales, esos cambios a los art\u00edculos de la carta magna venezolana, ser\u00e1n consultados a la poblaci\u00f3n por medio de un refer\u00e9ndum. \u201cCabe resaltar la importancia de participar activamente en dicho proceso y no permitir que un solo grupo pol\u00edtico decida el destino de Venezuela y sus basamentos legales\u201d, a\u00f1adi\u00f3.<br><strong><em>ET \/ Nota de prensa<\/em><\/strong><\/p>\n","protected":false},"excerpt":{"rendered":"<p>ENTRE TORMENTAS. En una reciente entrevista realizada para el programa de radio \u00abFrecuencia Noticias\u00bb, con&#8230;<\/p>\n","protected":false},"author":2,"featured_media":13585,"comment_status":"closed","ping_status":"open","sticky":false,"template":"","format":"standard","meta":{"footnotes":""},"categories":[1],"tags":[],"class_list":["post-13584","post","type-post","status-publish","format-standard","has-post-thumbnail","hentry","category-regionales"],"_links":{"self":[{"href":"https:\/\/entretormentas.com\/index.php?rest_route=\/wp\/v2\/posts\/13584","targetHints":{"allow":["GET"]}}],"collection":[{"href":"https:\/\/entretormentas.com\/index.php?rest_route=\/wp\/v2\/posts"}],"about":[{"href":"https:\/\/entretormentas.com\/index.php?rest_route=\/wp\/v2\/types\/post"}],"author":[{"embeddable":true,"href":"https:\/\/entretormentas.com\/index.php?rest_route=\/wp\/v2\/users\/2"}],"replies":[{"embeddable":true,"href":"https:\/\/entretormentas.com\/index.php?rest_route=%2Fwp%2Fv2%2Fcomments&post=13584"}],"version-history":[{"count":1,"href":"https:\/\/entretormentas.com\/index.php?rest_route=\/wp\/v2\/posts\/13584\/revisions"}],"predecessor-version":[{"id":13587,"href":"https:\/\/entretormentas.com\/index.php?rest_route=\/wp\/v2\/posts\/13584\/revisions\/13587"}],"wp:featuredmedia":[{"embeddable":true,"href":"https:\/\/entretormentas.com\/index.php?rest_route=\/wp\/v2\/media\/13585"}],"wp:attachment":[{"href":"https:\/\/entretormentas.com\/index.php?rest_route=%2Fwp%2Fv2%2Fmedia&parent=13584"}],"wp:term":[{"taxonomy":"category","embeddable":true,"href":"https:\/\/entretormentas.com\/index.php?rest_route=%2Fwp%2Fv2%2Fcategories&post=13584"},{"taxonomy":"post_tag","embeddable":true,"href":"https:\/\/entretormentas.com\/index.php?rest_route=%2Fwp%2Fv2%2Ftags&post=13584"}],"curies":[{"name":"wp","href":"https:\/\/api.w.org\/{rel}","templated":true}]}}