{"id":13595,"date":"2025-02-27T08:39:22","date_gmt":"2025-02-27T07:39:22","guid":{"rendered":"https:\/\/entretormentas.com\/?p=13595"},"modified":"2025-02-27T08:39:23","modified_gmt":"2025-02-27T07:39:23","slug":"firme-decision-debate-para-reforma-constitucional-seria-en-un-plazo-de-60-dias","status":"publish","type":"post","link":"https:\/\/entretormentas.com\/firme-decision-debate-para-reforma-constitucional-seria-en-un-plazo-de-60-dias\/","title":{"rendered":"\u00a1FIRME DECISI\u00d3N! Debate para Reforma Constitucional ser\u00eda en un plazo de 60 d\u00edas"},"content":{"rendered":"\n<p><strong>ENTRE TORMENTAS.<\/strong> El plan de la Comisi\u00f3n Nacional para la Reforma Constitucional establece un cronograma preciso para la revisi\u00f3n y aprobaci\u00f3n de la propuesta.<\/p>\n\n\n\n<p>En un plazo de 60 d\u00edas, se espera que la propuesta sea sometida a debate, marcando el inicio de un proceso de an\u00e1lisis y discusi\u00f3n.<\/p>\n\n\n\n<p>Posteriormente, en un lapso de 90 d\u00edas, la propuesta deber\u00e1 ser presentada ante la Asamblea Nacional, para su aprobaci\u00f3n final.<\/p>\n\n\n\n<p>Este cronograma refleja la intenci\u00f3n de la comisi\u00f3n de agilizar el proceso de reforma constitucional con el fin de garantizar al mismo tiempo un debate exhaustivo y una revisi\u00f3n cuidadosa de la propuesta.<\/p>\n\n\n\n<figure class=\"wp-block-image size-full\"><img fetchpriority=\"high\" decoding=\"async\" width=\"500\" height=\"276\" src=\"https:\/\/entretormentas.com\/wp-content\/uploads\/2025\/02\/image-269.png\" alt=\"\" class=\"wp-image-13597\" srcset=\"https:\/\/entretormentas.com\/wp-content\/uploads\/2025\/02\/image-269.png 500w, https:\/\/entretormentas.com\/wp-content\/uploads\/2025\/02\/image-269-300x166.png 300w\" sizes=\"(max-width: 500px) 100vw, 500px\" \/><\/figure>\n\n\n\n<p><strong>\u00abM\u00c1S DEMOCRACIA Y M\u00c1S PATRIA\u00bb<\/strong><br>El presidente Nicol\u00e1s Maduro dio por activada la Comisi\u00f3n Nacional para la Reforma Constitucional. Durante una reuni\u00f3n con el equipo encargado de evaluar y redactar la reforma de la Carta Magna, el jefe de Estado destac\u00f3 una serie de puntos de relevancia para el proceso.<\/p>\n\n\n\n<p>A continuaci\u00f3n conozca, en claves, lo m\u00e1s destacado del encuentro:<\/p>\n\n\n\n<ul class=\"wp-block-list\">\n<li>Estamos en una fase de reactivaci\u00f3n del Poder Constituyente Originario para la actualizaci\u00f3n del marco legal de la Rep\u00fablica.<\/li>\n\n\n\n<li>El n\u00facleo central de la Reforma Constitucional tiene que ser la familia, impulsando as\u00ed la construcci\u00f3n de una nueva sociedad.<\/li>\n\n\n\n<li>La consigna de la Reforma 2025 es: \u00a1M\u00e1s democracia, m\u00e1s uni\u00f3n, m\u00e1s felicidad y m\u00e1s Patria!<\/li>\n\n\n\n<li>Felicito al pueblo de Venezuela, en especial al de Isnot\u00fa, estado Trujillo, a los fervientes cat\u00f3licos y cristianos; Jos\u00e9 Gregorio Hern\u00e1ndez es Santo desde que naci\u00f3. \u00a1Me siento feliz!<\/li>\n<\/ul>\n\n\n\n<p>El mandatario destac\u00f3 la importancia de esta comisi\u00f3n en la elaboraci\u00f3n de la nueva Constituci\u00f3n y de esta manera no se tergiverse el objetivo hist\u00f3rico a trav\u00e9s de \u00abcampa\u00f1as de mentiras y miedo\u00bb.<br><strong><em>ET \/ Agencias<\/em><\/strong><\/p>\n\n\n\n<p><\/p>\n","protected":false},"excerpt":{"rendered":"<p>ENTRE TORMENTAS. El plan de la Comisi\u00f3n Nacional para la Reforma Constitucional establece un cronograma&#8230;<\/p>\n","protected":false},"author":2,"featured_media":13596,"comment_status":"closed","ping_status":"open","sticky":false,"template":"","format":"standard","meta":{"footnotes":""},"categories":[56,49],"tags":[],"class_list":["post-13595","post","type-post","status-publish","format-standard","has-post-thumbnail","hentry","category-destacadas","category-nacionales"],"_links":{"self":[{"href":"https:\/\/entretormentas.com\/index.php?rest_route=\/wp\/v2\/posts\/13595","targetHints":{"allow":["GET"]}}],"collection":[{"href":"https:\/\/entretormentas.com\/index.php?rest_route=\/wp\/v2\/posts"}],"about":[{"href":"https:\/\/entretormentas.com\/index.php?rest_route=\/wp\/v2\/types\/post"}],"author":[{"embeddable":true,"href":"https:\/\/entretormentas.com\/index.php?rest_route=\/wp\/v2\/users\/2"}],"replies":[{"embeddable":true,"href":"https:\/\/entretormentas.com\/index.php?rest_route=%2Fwp%2Fv2%2Fcomments&post=13595"}],"version-history":[{"count":1,"href":"https:\/\/entretormentas.com\/index.php?rest_route=\/wp\/v2\/posts\/13595\/revisions"}],"predecessor-version":[{"id":13598,"href":"https:\/\/entretormentas.com\/index.php?rest_route=\/wp\/v2\/posts\/13595\/revisions\/13598"}],"wp:featuredmedia":[{"embeddable":true,"href":"https:\/\/entretormentas.com\/index.php?rest_route=\/wp\/v2\/media\/13596"}],"wp:attachment":[{"href":"https:\/\/entretormentas.com\/index.php?rest_route=%2Fwp%2Fv2%2Fmedia&parent=13595"}],"wp:term":[{"taxonomy":"category","embeddable":true,"href":"https:\/\/entretormentas.com\/index.php?rest_route=%2Fwp%2Fv2%2Fcategories&post=13595"},{"taxonomy":"post_tag","embeddable":true,"href":"https:\/\/entretormentas.com\/index.php?rest_route=%2Fwp%2Fv2%2Ftags&post=13595"}],"curies":[{"name":"wp","href":"https:\/\/api.w.org\/{rel}","templated":true}]}}