{"id":13614,"date":"2025-02-28T02:27:02","date_gmt":"2025-02-28T01:27:02","guid":{"rendered":"https:\/\/entretormentas.com\/?p=13614"},"modified":"2025-02-28T02:27:03","modified_gmt":"2025-02-28T01:27:03","slug":"fundanis-activa-emprenden-campana-desafio-del-respeto-para-generar-conciencia-sobre-el-bullying","status":"publish","type":"post","link":"https:\/\/entretormentas.com\/fundanis-activa-emprenden-campana-desafio-del-respeto-para-generar-conciencia-sobre-el-bullying\/","title":{"rendered":"\u00a1FUNDANIS ACTIVA! Emprenden campa\u00f1a Desaf\u00edo del Respeto para generar conciencia sobre el bullying"},"content":{"rendered":"\n<p><strong>ENTRE TORMENTAS.<\/strong> La Alcald\u00eda de Maracaibo, a trav\u00e9s de la Fundaci\u00f3n Ni\u00f1os del Sol (Fundanis), contin\u00faa su ardua labor en la promoci\u00f3n y defensa de los derechos de los ni\u00f1os, ni\u00f1as y adolescentes; por esta raz\u00f3n arranc\u00f3 la campa\u00f1a denominada Desaf\u00edo del Respeto, cuyo objetivo es promover una cultura de respeto y concienciaci\u00f3n contra el acoso escolar o bullying.<\/p>\n\n\n\n<p>En vista a las noticias alarmantes sobre acoso escolar y bullying, Fundanis activ\u00f3 a todo el personal para educar a la comunidad sobre la importancia de crear entornos seguros y respetuosos para los ni\u00f1os, ni\u00f1as y adolescentes.<\/p>\n\n\n\n<figure class=\"wp-block-image size-large\"><img fetchpriority=\"high\" decoding=\"async\" width=\"1024\" height=\"420\" src=\"https:\/\/entretormentas.com\/wp-content\/uploads\/2025\/02\/image-280-1024x420.png\" alt=\"\" class=\"wp-image-13616\" srcset=\"https:\/\/entretormentas.com\/wp-content\/uploads\/2025\/02\/image-280-1024x420.png 1024w, https:\/\/entretormentas.com\/wp-content\/uploads\/2025\/02\/image-280-300x123.png 300w, https:\/\/entretormentas.com\/wp-content\/uploads\/2025\/02\/image-280-768x315.png 768w, https:\/\/entretormentas.com\/wp-content\/uploads\/2025\/02\/image-280-1536x631.png 1536w, https:\/\/entretormentas.com\/wp-content\/uploads\/2025\/02\/image-280.png 1600w\" sizes=\"(max-width: 1024px) 100vw, 1024px\" \/><\/figure>\n\n\n\n<p>Los equipos de trabajo de la gerencia de Salud y Alimentaci\u00f3n; de la Coordinaci\u00f3n para la Promoci\u00f3n Educativa, de la Coordinaci\u00f3n de Orientaci\u00f3n Familiar, del Servicio de Defensor\u00eda y la Gerencia de Comunicaciones, se unieron para promover buenas pr\u00e1cticas educativas y sociales.<\/p>\n\n\n\n<p>Vanessa Linares de Ram\u00edrez, presidenta de Fundanis, destac\u00f3 que en 2025 continuar\u00e1n atendiendo las necesidades de los beneficiarios, adem\u00e1s, estar\u00e1n atentos a los problemas sociales de los marabinos. \u201cEducar, formar e informar nos permite crear conciencia y sumar m\u00e1s personas en la construcci\u00f3n de una sociedad m\u00e1s respetuosa de los derechos de los ni\u00f1os, ni\u00f1as y adolescentes\u201d, pecios.<\/p>\n\n\n\n<figure class=\"wp-block-image size-large\"><img decoding=\"async\" width=\"1024\" height=\"768\" src=\"https:\/\/entretormentas.com\/wp-content\/uploads\/2025\/02\/image-281-1024x768.png\" alt=\"\" class=\"wp-image-13617\" srcset=\"https:\/\/entretormentas.com\/wp-content\/uploads\/2025\/02\/image-281-1024x768.png 1024w, https:\/\/entretormentas.com\/wp-content\/uploads\/2025\/02\/image-281-300x225.png 300w, https:\/\/entretormentas.com\/wp-content\/uploads\/2025\/02\/image-281-768x576.png 768w, https:\/\/entretormentas.com\/wp-content\/uploads\/2025\/02\/image-281.png 1280w\" sizes=\"(max-width: 1024px) 100vw, 1024px\" \/><\/figure>\n\n\n\n<p>Record\u00f3 que la Fundaci\u00f3n Ni\u00f1os del Sol asume la responsabilidad de abordar y exponer temas sociales de gran impacto para consolidar el desarrollo biopsicosocial de los menores, y que por esta raz\u00f3n desde el 2024 vienen impulsando el proyecto Maracaibo Amigo de la Ni\u00f1ez, una iniciativa que aborda temas desde la acci\u00f3n y la comunicaci\u00f3n, utilizando redes sociales y espacios de encuentro educativo y comunitario.<\/p>\n\n\n\n<p>Indic\u00f3 que para obtener mayor informaci\u00f3n sobre las actividades y campa\u00f1as de la Fundaci\u00f3n Ni\u00f1os del Sol es importante visitar las redes sociales: @fundanis.<br><strong><em>ET \/ DCI Alcald\u00eda de Maracaibo<\/em><\/strong><\/p>\n\n\n\n<p><\/p>\n","protected":false},"excerpt":{"rendered":"<p>ENTRE TORMENTAS. La Alcald\u00eda de Maracaibo, a trav\u00e9s de la Fundaci\u00f3n Ni\u00f1os del Sol (Fundanis),&#8230;<\/p>\n","protected":false},"author":2,"featured_media":13615,"comment_status":"closed","ping_status":"open","sticky":false,"template":"","format":"standard","meta":{"footnotes":""},"categories":[1],"tags":[],"class_list":["post-13614","post","type-post","status-publish","format-standard","has-post-thumbnail","hentry","category-regionales"],"_links":{"self":[{"href":"https:\/\/entretormentas.com\/index.php?rest_route=\/wp\/v2\/posts\/13614","targetHints":{"allow":["GET"]}}],"collection":[{"href":"https:\/\/entretormentas.com\/index.php?rest_route=\/wp\/v2\/posts"}],"about":[{"href":"https:\/\/entretormentas.com\/index.php?rest_route=\/wp\/v2\/types\/post"}],"author":[{"embeddable":true,"href":"https:\/\/entretormentas.com\/index.php?rest_route=\/wp\/v2\/users\/2"}],"replies":[{"embeddable":true,"href":"https:\/\/entretormentas.com\/index.php?rest_route=%2Fwp%2Fv2%2Fcomments&post=13614"}],"version-history":[{"count":1,"href":"https:\/\/entretormentas.com\/index.php?rest_route=\/wp\/v2\/posts\/13614\/revisions"}],"predecessor-version":[{"id":13618,"href":"https:\/\/entretormentas.com\/index.php?rest_route=\/wp\/v2\/posts\/13614\/revisions\/13618"}],"wp:featuredmedia":[{"embeddable":true,"href":"https:\/\/entretormentas.com\/index.php?rest_route=\/wp\/v2\/media\/13615"}],"wp:attachment":[{"href":"https:\/\/entretormentas.com\/index.php?rest_route=%2Fwp%2Fv2%2Fmedia&parent=13614"}],"wp:term":[{"taxonomy":"category","embeddable":true,"href":"https:\/\/entretormentas.com\/index.php?rest_route=%2Fwp%2Fv2%2Fcategories&post=13614"},{"taxonomy":"post_tag","embeddable":true,"href":"https:\/\/entretormentas.com\/index.php?rest_route=%2Fwp%2Fv2%2Ftags&post=13614"}],"curies":[{"name":"wp","href":"https:\/\/api.w.org\/{rel}","templated":true}]}}