{"id":13623,"date":"2025-02-28T02:35:55","date_gmt":"2025-02-28T01:35:55","guid":{"rendered":"https:\/\/entretormentas.com\/?p=13623"},"modified":"2025-02-28T02:35:56","modified_gmt":"2025-02-28T01:35:56","slug":"operativo-especial-alcaldia-de-maracaibo-recoge-60-toneladas-de-desechos-de-las-riberas-del-lago","status":"publish","type":"post","link":"https:\/\/entretormentas.com\/operativo-especial-alcaldia-de-maracaibo-recoge-60-toneladas-de-desechos-de-las-riberas-del-lago\/","title":{"rendered":"\u00a1OPERATIVO ESPECIAL! Alcald\u00eda de Maracaibo recoge 60 toneladas de desechos de las riberas del Lago"},"content":{"rendered":"\n<p><strong>ENTRE TORMENTAS. <\/strong>La Alcald\u00eda de Maracaibo a trav\u00e9s del Instituto Municipal del Ambiente (IMA) realiz\u00f3 su jornada n\u00famero 130 del Plan de Limpieza a las Riberas del Lago, junto 120 vecinos del Conjunto Residencial Isla Dorada en la parroquia Coquivacoa y a 50 estudiantes del octavo trimestre de la Universidad Privada Rafael Belloso Chac\u00edn (URBE) que cursan la materia de servicio comunitario.<\/p>\n\n\n\n<p>Sesenta toneladas de desechos fueron sacadas en cinco camiones volteos, la ma\u00f1ana de este s\u00e1bado 22 de febrero de 300 metros de orilla en el Conjunto Residencial Isla Dorada. Los trabajos se han concentrado en diversos puntos de las costas de la ciudad, donde se han retirado tanto desechos s\u00f3lidos urbanos como otros materiales contaminantes.<\/p>\n\n\n\n<figure class=\"wp-block-image size-large\"><img fetchpriority=\"high\" decoding=\"async\" width=\"1024\" height=\"682\" src=\"https:\/\/entretormentas.com\/wp-content\/uploads\/2025\/02\/image-285-1024x682.png\" alt=\"\" class=\"wp-image-13625\" srcset=\"https:\/\/entretormentas.com\/wp-content\/uploads\/2025\/02\/image-285-1024x682.png 1024w, https:\/\/entretormentas.com\/wp-content\/uploads\/2025\/02\/image-285-300x200.png 300w, https:\/\/entretormentas.com\/wp-content\/uploads\/2025\/02\/image-285-768x512.png 768w, https:\/\/entretormentas.com\/wp-content\/uploads\/2025\/02\/image-285-1536x1024.png 1536w, https:\/\/entretormentas.com\/wp-content\/uploads\/2025\/02\/image-285-2048x1365.png 2048w\" sizes=\"(max-width: 1024px) 100vw, 1024px\" \/><\/figure>\n\n\n\n<p>Adri\u00e1n Romero Mart\u00ednez, alcalde encargado de Maracaibo, destac\u00f3 la importancia de estas labores para mejorar la calidad ambiental del lago y promover el desarrollo sostenible de la ciudad. \u00abEl Lago de Maracaibo es un tesoro natural que debemos proteger. Por eso, estamos trabajando arduamente para retirar los desechos que lo contaminan y as\u00ed garantizar un ambiente sano para todos los marabinos\u00bb.<\/p>\n\n\n\n<p>La Autoridad Municipal, hizo un llamado a la ciudadan\u00eda para que colabore con estas iniciativas, evitando arrojar desechos a las calles de la ciudad ya que eso llega a orillas del Lago.<\/p>\n\n\n\n<p>Norberto Perozo, presidente del IMA, destac\u00f3 que con el Plan de Limpieza a las Riberas del Lago se dirigen esfuerzos para el rescate del Lago. \u201cEstas jornadas las hacemos todos los fines de semana. Contamos con la ayuda de los j\u00f3venes de la URBE quienes como parte de su servicio comunitario promueven la educaci\u00f3n ambiental y participan en estas actividades\u201d.<\/p>\n\n\n\n<figure class=\"wp-block-image size-large\"><img decoding=\"async\" width=\"1024\" height=\"682\" src=\"https:\/\/entretormentas.com\/wp-content\/uploads\/2025\/02\/image-286-1024x682.png\" alt=\"\" class=\"wp-image-13626\" srcset=\"https:\/\/entretormentas.com\/wp-content\/uploads\/2025\/02\/image-286-1024x682.png 1024w, https:\/\/entretormentas.com\/wp-content\/uploads\/2025\/02\/image-286-300x200.png 300w, https:\/\/entretormentas.com\/wp-content\/uploads\/2025\/02\/image-286-768x512.png 768w, https:\/\/entretormentas.com\/wp-content\/uploads\/2025\/02\/image-286-1536x1024.png 1536w, https:\/\/entretormentas.com\/wp-content\/uploads\/2025\/02\/image-286-2048x1365.png 2048w\" sizes=\"(max-width: 1024px) 100vw, 1024px\" \/><\/figure>\n\n\n\n<p>Juan Carlos Gonz\u00e1lez, director de Relaciones Interinstitucionales, explic\u00f3 que los j\u00f3venes, adem\u00e1s de realizar la limpieza, buscan crear conciencia en los ciudadanos invit\u00e1ndolos a \u201cque entre todos se rescate al Lago, separando desechos desde casa y sacando provecho de esos materiales para disminuir la contaminaci\u00f3n del ambiente en el municipio\u201d. Adem\u00e1s, agreg\u00f3 que este es el segundo grupo de j\u00f3venes que realiza su servicio comunitario con la municipalidad y que adem\u00e1s de estas actividades reciben charlas por las diferentes direcciones municipales como Consultor\u00eda Jur\u00eddica en materia de ordenanzas municipales, Bomberos y Protecci\u00f3n Civil en el \u00e1rea de protecci\u00f3n y seguridad de los marabinos.<\/p>\n\n\n\n<p>Carolina Sandoval, arquitecto de 50 a\u00f1os de edad, explic\u00f3 que cada vez que los equipos municipales participan en las orillas de la playa para realizar estas labores, un grupo de vecinos tambi\u00e9n se suman a las actividades. \u201cLo hacemos porque comprendemos lo que significa tener esta parte del conjunto residencial para nuestro propio beneficio. Sabemos que tenemos que preservar la naturaleza\u201d.<br><strong><em>ET \/ DCI Alcald\u00eda de Maracaibo<\/em><\/strong><\/p>\n","protected":false},"excerpt":{"rendered":"<p>ENTRE TORMENTAS. La Alcald\u00eda de Maracaibo a trav\u00e9s del Instituto Municipal del Ambiente (IMA) realiz\u00f3&#8230;<\/p>\n","protected":false},"author":2,"featured_media":13624,"comment_status":"closed","ping_status":"open","sticky":false,"template":"","format":"standard","meta":{"footnotes":""},"categories":[1],"tags":[],"class_list":["post-13623","post","type-post","status-publish","format-standard","has-post-thumbnail","hentry","category-regionales"],"_links":{"self":[{"href":"https:\/\/entretormentas.com\/index.php?rest_route=\/wp\/v2\/posts\/13623","targetHints":{"allow":["GET"]}}],"collection":[{"href":"https:\/\/entretormentas.com\/index.php?rest_route=\/wp\/v2\/posts"}],"about":[{"href":"https:\/\/entretormentas.com\/index.php?rest_route=\/wp\/v2\/types\/post"}],"author":[{"embeddable":true,"href":"https:\/\/entretormentas.com\/index.php?rest_route=\/wp\/v2\/users\/2"}],"replies":[{"embeddable":true,"href":"https:\/\/entretormentas.com\/index.php?rest_route=%2Fwp%2Fv2%2Fcomments&post=13623"}],"version-history":[{"count":1,"href":"https:\/\/entretormentas.com\/index.php?rest_route=\/wp\/v2\/posts\/13623\/revisions"}],"predecessor-version":[{"id":13627,"href":"https:\/\/entretormentas.com\/index.php?rest_route=\/wp\/v2\/posts\/13623\/revisions\/13627"}],"wp:featuredmedia":[{"embeddable":true,"href":"https:\/\/entretormentas.com\/index.php?rest_route=\/wp\/v2\/media\/13624"}],"wp:attachment":[{"href":"https:\/\/entretormentas.com\/index.php?rest_route=%2Fwp%2Fv2%2Fmedia&parent=13623"}],"wp:term":[{"taxonomy":"category","embeddable":true,"href":"https:\/\/entretormentas.com\/index.php?rest_route=%2Fwp%2Fv2%2Fcategories&post=13623"},{"taxonomy":"post_tag","embeddable":true,"href":"https:\/\/entretormentas.com\/index.php?rest_route=%2Fwp%2Fv2%2Ftags&post=13623"}],"curies":[{"name":"wp","href":"https:\/\/api.w.org\/{rel}","templated":true}]}}