{"id":13639,"date":"2025-02-28T02:51:44","date_gmt":"2025-02-28T01:51:44","guid":{"rendered":"https:\/\/entretormentas.com\/?p=13639"},"modified":"2025-02-28T02:51:45","modified_gmt":"2025-02-28T01:51:45","slug":"en-jose-domingo-rus-alcaldia-de-san-francisco-continua-ejecutando-trabajos-de-mejoramiento-vial","status":"publish","type":"post","link":"https:\/\/entretormentas.com\/en-jose-domingo-rus-alcaldia-de-san-francisco-continua-ejecutando-trabajos-de-mejoramiento-vial\/","title":{"rendered":"\u00a1EN JOS\u00c9 DOMINGO RUS! Alcald\u00eda de San Francisco contin\u00faa ejecutando trabajos de mejoramiento vial"},"content":{"rendered":"\n<p><strong>ENTRE TORMENTAS<em>. <\/em><\/strong>En el marco del plan de recuperaci\u00f3n y modernizaci\u00f3n vial para este nuevo a\u00f1o, la gesti\u00f3n del alcalde Gustavo Fern\u00e1ndez, a trav\u00e9s de las gerencias de operaciones e infraestructura contin\u00faa comprometida con la ejecuci\u00f3n de obras, dando fiel cumplimiento a lo discutido y aprobado en el Presupuesto Participativo en conjunto con el Consejo Local de Planificaci\u00f3n P\u00fablica (CLPP) y el Concejo Municipal.<\/p>\n\n\n\n<p>Durante la inauguraci\u00f3n de la calle 162 del corredor vial Don Bosco, el titular municipal, anunci\u00f3 la pr\u00f3xima entrega de los trabajos de vialidad en la av. 48, entrada que conecta el corredor vial de la 200 con el barrio Ciudadela Rafael Caldera (Fundabarrios), de la parroquia Jos\u00e9 Domingo Rus. \u201cEstaremos inaugurando el asfaltado en el sector conocido popularmente como La Charrasca, una obra muy solicitada por los habitantes de esta zona\u00bb, dijo.<\/p>\n\n\n\n<figure class=\"wp-block-image size-large\"><img fetchpriority=\"high\" decoding=\"async\" width=\"1024\" height=\"768\" src=\"https:\/\/entretormentas.com\/wp-content\/uploads\/2025\/02\/image-295-1024x768.png\" alt=\"\" class=\"wp-image-13641\" srcset=\"https:\/\/entretormentas.com\/wp-content\/uploads\/2025\/02\/image-295-1024x768.png 1024w, https:\/\/entretormentas.com\/wp-content\/uploads\/2025\/02\/image-295-300x225.png 300w, https:\/\/entretormentas.com\/wp-content\/uploads\/2025\/02\/image-295-768x576.png 768w, https:\/\/entretormentas.com\/wp-content\/uploads\/2025\/02\/image-295.png 1280w\" sizes=\"(max-width: 1024px) 100vw, 1024px\" \/><\/figure>\n\n\n\n<p>Fern\u00e1ndez precis\u00f3 que desde la alcald\u00eda sure\u00f1a est\u00e1n trabajando paralelamente en otros sectores con obras de rehabilitaci\u00f3n vial integral con el fin de darle un nuevo rostro al municipio teniendo como meta consolidar cada zona de las siete parroquias.<\/p>\n\n\n\n<p>Entre estas atenciones destaca la que est\u00e1 recibiendo el sector El Soler, ubicado en la parroquia Jos\u00e9 Domingo Rus, desde donde el alcalde inform\u00f3 que en mancomunidad con Hidrolago, se solvent\u00f3 el problema del socavamiento suscitado en la calle 206 con avenida 47J del lotes 5, en donde fue necesario reemplazar el colector de aguas residuales devolviendo la transitabilidad de veh\u00edculos de transporte p\u00fablico, particulares y peatones.<\/p>\n\n\n\n<p>Tambi\u00e9n anunci\u00f3 que se avanza en los trabajos de atenci\u00f3n vial en la calle 206, entre los lotes 8 y 11, de la urbanizaci\u00f3n El Soler que incluye el corte de cabillas, limpieza del canal, instalaci\u00f3n de marcos de acero y colocaci\u00f3n de rejillas.<\/p>\n\n\n\n<figure class=\"wp-block-image size-large\"><img decoding=\"async\" width=\"1024\" height=\"768\" src=\"https:\/\/entretormentas.com\/wp-content\/uploads\/2025\/02\/image-296-1024x768.png\" alt=\"\" class=\"wp-image-13642\" srcset=\"https:\/\/entretormentas.com\/wp-content\/uploads\/2025\/02\/image-296-1024x768.png 1024w, https:\/\/entretormentas.com\/wp-content\/uploads\/2025\/02\/image-296-300x225.png 300w, https:\/\/entretormentas.com\/wp-content\/uploads\/2025\/02\/image-296-768x576.png 768w, https:\/\/entretormentas.com\/wp-content\/uploads\/2025\/02\/image-296.png 1280w\" sizes=\"(max-width: 1024px) 100vw, 1024px\" \/><\/figure>\n\n\n\n<p>Los vecinos han expresado su satisfacci\u00f3n por recibir esta atenci\u00f3n tan necesaria, lo que mejorar\u00e1 significativamente su calidad de vida y seguridad al transitar. Ya que por a\u00f1os esta zona estuvo al borde del peligro por convivir con un canal de aguas pluviales que colaps\u00f3 impidiendo el libre tr\u00e1nsito.<\/p>\n\n\n\n<p>\u201cDecidimos intervenir y resolver, con una inversi\u00f3n importante, la reparaci\u00f3n de este canal de aguas pluviales. El gobierno de San Francisco, es un gobierno que est\u00e1 en la calle. Le vamos a cambiar el rostro a El Soler porque no solo vamos hacer esta reparaci\u00f3n sino que vamos a recuperar la vialidad\u00bb, destac\u00f3 el l\u00edder municipal.<br><strong><em>ET \/ Alcald\u00eda de San Francisco<\/em><\/strong><\/p>\n","protected":false},"excerpt":{"rendered":"<p>ENTRE TORMENTAS. En el marco del plan de recuperaci\u00f3n y modernizaci\u00f3n vial para este nuevo&#8230;<\/p>\n","protected":false},"author":2,"featured_media":13640,"comment_status":"closed","ping_status":"open","sticky":false,"template":"","format":"standard","meta":{"footnotes":""},"categories":[57,1],"tags":[],"class_list":["post-13639","post","type-post","status-publish","format-standard","has-post-thumbnail","hentry","category-actualidad","category-regionales"],"_links":{"self":[{"href":"https:\/\/entretormentas.com\/index.php?rest_route=\/wp\/v2\/posts\/13639","targetHints":{"allow":["GET"]}}],"collection":[{"href":"https:\/\/entretormentas.com\/index.php?rest_route=\/wp\/v2\/posts"}],"about":[{"href":"https:\/\/entretormentas.com\/index.php?rest_route=\/wp\/v2\/types\/post"}],"author":[{"embeddable":true,"href":"https:\/\/entretormentas.com\/index.php?rest_route=\/wp\/v2\/users\/2"}],"replies":[{"embeddable":true,"href":"https:\/\/entretormentas.com\/index.php?rest_route=%2Fwp%2Fv2%2Fcomments&post=13639"}],"version-history":[{"count":1,"href":"https:\/\/entretormentas.com\/index.php?rest_route=\/wp\/v2\/posts\/13639\/revisions"}],"predecessor-version":[{"id":13643,"href":"https:\/\/entretormentas.com\/index.php?rest_route=\/wp\/v2\/posts\/13639\/revisions\/13643"}],"wp:featuredmedia":[{"embeddable":true,"href":"https:\/\/entretormentas.com\/index.php?rest_route=\/wp\/v2\/media\/13640"}],"wp:attachment":[{"href":"https:\/\/entretormentas.com\/index.php?rest_route=%2Fwp%2Fv2%2Fmedia&parent=13639"}],"wp:term":[{"taxonomy":"category","embeddable":true,"href":"https:\/\/entretormentas.com\/index.php?rest_route=%2Fwp%2Fv2%2Fcategories&post=13639"},{"taxonomy":"post_tag","embeddable":true,"href":"https:\/\/entretormentas.com\/index.php?rest_route=%2Fwp%2Fv2%2Ftags&post=13639"}],"curies":[{"name":"wp","href":"https:\/\/api.w.org\/{rel}","templated":true}]}}