{"id":13651,"date":"2025-02-28T09:00:03","date_gmt":"2025-02-28T08:00:03","guid":{"rendered":"https:\/\/entretormentas.com\/?p=13651"},"modified":"2025-02-28T09:00:05","modified_gmt":"2025-02-28T08:00:05","slug":"por-unanimidad-an-aprueba-llevar-una-reliquia-de-san-jose-gregorio-hernandez-al-panteon-nacional","status":"publish","type":"post","link":"https:\/\/entretormentas.com\/por-unanimidad-an-aprueba-llevar-una-reliquia-de-san-jose-gregorio-hernandez-al-panteon-nacional\/","title":{"rendered":"\u00a1POR UNANIMIDAD! AN aprueba llevar una reliquia de San Jos\u00e9 Gregorio Hern\u00e1ndez al Pante\u00f3n Nacional"},"content":{"rendered":"\n<p><strong>ENTRE TORMENTAS. <\/strong>La Asamblea Nacional aprob\u00f3 este jueves un acuerdo por unanimidad que autoriza llevar una reliquia de San Jos\u00e9 Gregorio Hern\u00e1ndez al Pante\u00f3n Nacional; luego de que el papa Francisco aprobara su canonizaci\u00f3n.<\/p>\n\n\n\n<p>El diputado Nicol\u00e1s Maduro Guerra, destacando que la firma por parte del sumo pont\u00edfice del reconocimiento al beato Jos\u00e9 Gregorio Hern\u00e1ndez tiene una \u00abprofunda trascendencia\u00bb para la historia, la fe y la identidad del pueblo, rese\u00f1\u00f3 Mundo UR.<\/p>\n\n\n\n<p>\u00abLa firma de la canonizaci\u00f3n para el pr\u00f3ximo santo Jos\u00e9 Gregorio Hern\u00e1ndez, por parte del papa Francisco, es un reconocimiento a la santidad de un hombre que ya era santo en el coraz\u00f3n de los venezolanos. Un hombre que dedic\u00f3 su vida a la medicina, a los m\u00e1s humildes y al servicio de la justicia social, porque no solo fue un hombre de ciencia y de fe, sino tambi\u00e9n un patriota que comprendi\u00f3 que la salud deb\u00eda ser un derecho del pueblo\u00bb, agreg\u00f3.<\/p>\n\n\n\n<figure class=\"wp-block-image size-large\"><img fetchpriority=\"high\" decoding=\"async\" width=\"1024\" height=\"682\" src=\"https:\/\/entretormentas.com\/wp-content\/uploads\/2025\/02\/image-301-1024x682.png\" alt=\"\" class=\"wp-image-13653\" srcset=\"https:\/\/entretormentas.com\/wp-content\/uploads\/2025\/02\/image-301-1024x682.png 1024w, https:\/\/entretormentas.com\/wp-content\/uploads\/2025\/02\/image-301-300x200.png 300w, https:\/\/entretormentas.com\/wp-content\/uploads\/2025\/02\/image-301-768x512.png 768w, https:\/\/entretormentas.com\/wp-content\/uploads\/2025\/02\/image-301.png 1280w\" sizes=\"(max-width: 1024px) 100vw, 1024px\" \/><\/figure>\n\n\n\n<p>Por su parte, el legislador Jos\u00e9 Gregorio Correa propuso el elevar una reliquia del beato al Pante\u00f3n Nacional; punto que fue respaldado por el presidente del parlamento, Jorge Rodr\u00edguez.<\/p>\n\n\n\n<p>\u201cAvalo la propuesta del diputado Correa de que una reliquia del Santo de los pobres repose junto a los h\u00e9roes de la Patria, y solicito se incorpore en el proyecto de acuerdo (\u2026) No hay un hogar que no tenga un testimonio, no hay un hogar que no haya elevado un oraci\u00f3n en un momento de dificultad y sobre todo en una situaci\u00f3n de salud\u201d, manifest\u00f3.<\/p>\n\n\n\n<p>Sugiri\u00f3, adem\u00e1s, levantar un monumento en el pa\u00eds en homenaje a Jos\u00e9 Gregorio Hern\u00e1ndez.<br><strong><em>ET \/ Agencias<\/em><\/strong><\/p>\n","protected":false},"excerpt":{"rendered":"<p>ENTRE TORMENTAS. La Asamblea Nacional aprob\u00f3 este jueves un acuerdo por unanimidad que autoriza llevar&#8230;<\/p>\n","protected":false},"author":2,"featured_media":13652,"comment_status":"closed","ping_status":"open","sticky":false,"template":"","format":"standard","meta":{"footnotes":""},"categories":[56,49],"tags":[],"class_list":["post-13651","post","type-post","status-publish","format-standard","has-post-thumbnail","hentry","category-destacadas","category-nacionales"],"_links":{"self":[{"href":"https:\/\/entretormentas.com\/index.php?rest_route=\/wp\/v2\/posts\/13651","targetHints":{"allow":["GET"]}}],"collection":[{"href":"https:\/\/entretormentas.com\/index.php?rest_route=\/wp\/v2\/posts"}],"about":[{"href":"https:\/\/entretormentas.com\/index.php?rest_route=\/wp\/v2\/types\/post"}],"author":[{"embeddable":true,"href":"https:\/\/entretormentas.com\/index.php?rest_route=\/wp\/v2\/users\/2"}],"replies":[{"embeddable":true,"href":"https:\/\/entretormentas.com\/index.php?rest_route=%2Fwp%2Fv2%2Fcomments&post=13651"}],"version-history":[{"count":1,"href":"https:\/\/entretormentas.com\/index.php?rest_route=\/wp\/v2\/posts\/13651\/revisions"}],"predecessor-version":[{"id":13654,"href":"https:\/\/entretormentas.com\/index.php?rest_route=\/wp\/v2\/posts\/13651\/revisions\/13654"}],"wp:featuredmedia":[{"embeddable":true,"href":"https:\/\/entretormentas.com\/index.php?rest_route=\/wp\/v2\/media\/13652"}],"wp:attachment":[{"href":"https:\/\/entretormentas.com\/index.php?rest_route=%2Fwp%2Fv2%2Fmedia&parent=13651"}],"wp:term":[{"taxonomy":"category","embeddable":true,"href":"https:\/\/entretormentas.com\/index.php?rest_route=%2Fwp%2Fv2%2Fcategories&post=13651"},{"taxonomy":"post_tag","embeddable":true,"href":"https:\/\/entretormentas.com\/index.php?rest_route=%2Fwp%2Fv2%2Ftags&post=13651"}],"curies":[{"name":"wp","href":"https:\/\/api.w.org\/{rel}","templated":true}]}}