{"id":13655,"date":"2025-02-28T09:02:03","date_gmt":"2025-02-28T08:02:03","guid":{"rendered":"https:\/\/entretormentas.com\/?p=13655"},"modified":"2025-02-28T09:02:03","modified_gmt":"2025-02-28T08:02:03","slug":"llamado-de-alerta-mcm-denuncia-presunto-intento-de-allanamiento-en-su-residencia","status":"publish","type":"post","link":"https:\/\/entretormentas.com\/llamado-de-alerta-mcm-denuncia-presunto-intento-de-allanamiento-en-su-residencia\/","title":{"rendered":"\u00a1LLAMADO DE ALERTA! MCM denuncia presunto intento de allanamiento en su residencia"},"content":{"rendered":"\n<p><strong>ENTRE TORMENTAS. <\/strong>La l\u00edder opositora Mar\u00eda Corina Machado, alert\u00f3 este jueves que un grupo de hombres no identificados intent\u00f3 ingresar por la fuerza a su residencia en Los Palos Grandes, Caracas.<\/p>\n\n\n\n<p>\u00abEn este momento, hombres no identificados est\u00e1n tratando de entrar a la fuerza a mi hogar en Los Palos Grandes, Caracas. Est\u00e1n amenazando con detener a los vecinos y al vigilante\u00bb, alert\u00f3 Machado a trav\u00e9s de sus redes sociales.<\/p>\n\n\n\n<p>Asimismo, Edmundo Gonz\u00e1lez tambi\u00e9n se hizo eco de la denuncia: \u00abOjo. Pretenden ocupar de manera forzada la casa de Mar\u00eda Corina Machado. Atentos\u00bb, escribi\u00f3<br><strong><em>ET \/ Agencias<\/em><\/strong><\/p>\n","protected":false},"excerpt":{"rendered":"<p>ENTRE TORMENTAS. La l\u00edder opositora Mar\u00eda Corina Machado, alert\u00f3 este jueves que un grupo de&#8230;<\/p>\n","protected":false},"author":2,"featured_media":13656,"comment_status":"closed","ping_status":"open","sticky":false,"template":"","format":"standard","meta":{"footnotes":""},"categories":[56,49],"tags":[],"class_list":["post-13655","post","type-post","status-publish","format-standard","has-post-thumbnail","hentry","category-destacadas","category-nacionales"],"_links":{"self":[{"href":"https:\/\/entretormentas.com\/index.php?rest_route=\/wp\/v2\/posts\/13655","targetHints":{"allow":["GET"]}}],"collection":[{"href":"https:\/\/entretormentas.com\/index.php?rest_route=\/wp\/v2\/posts"}],"about":[{"href":"https:\/\/entretormentas.com\/index.php?rest_route=\/wp\/v2\/types\/post"}],"author":[{"embeddable":true,"href":"https:\/\/entretormentas.com\/index.php?rest_route=\/wp\/v2\/users\/2"}],"replies":[{"embeddable":true,"href":"https:\/\/entretormentas.com\/index.php?rest_route=%2Fwp%2Fv2%2Fcomments&post=13655"}],"version-history":[{"count":1,"href":"https:\/\/entretormentas.com\/index.php?rest_route=\/wp\/v2\/posts\/13655\/revisions"}],"predecessor-version":[{"id":13657,"href":"https:\/\/entretormentas.com\/index.php?rest_route=\/wp\/v2\/posts\/13655\/revisions\/13657"}],"wp:featuredmedia":[{"embeddable":true,"href":"https:\/\/entretormentas.com\/index.php?rest_route=\/wp\/v2\/media\/13656"}],"wp:attachment":[{"href":"https:\/\/entretormentas.com\/index.php?rest_route=%2Fwp%2Fv2%2Fmedia&parent=13655"}],"wp:term":[{"taxonomy":"category","embeddable":true,"href":"https:\/\/entretormentas.com\/index.php?rest_route=%2Fwp%2Fv2%2Fcategories&post=13655"},{"taxonomy":"post_tag","embeddable":true,"href":"https:\/\/entretormentas.com\/index.php?rest_route=%2Fwp%2Fv2%2Ftags&post=13655"}],"curies":[{"name":"wp","href":"https:\/\/api.w.org\/{rel}","templated":true}]}}