{"id":13662,"date":"2025-02-28T09:07:19","date_gmt":"2025-02-28T08:07:19","guid":{"rendered":"https:\/\/entretormentas.com\/?p=13662"},"modified":"2025-02-28T09:07:20","modified_gmt":"2025-02-28T08:07:20","slug":"propuesta-maduro-dispuesto-a-sostener-dialogo-con-eeuu-con-respeto-e-igualdad","status":"publish","type":"post","link":"https:\/\/entretormentas.com\/propuesta-maduro-dispuesto-a-sostener-dialogo-con-eeuu-con-respeto-e-igualdad\/","title":{"rendered":"\u00a1PROPUESTA! Maduro dispuesto a sostener di\u00e1logo con EEUU \u00abcon respeto e igualdad\u00bb"},"content":{"rendered":"\n<p><strong>ENTRE TORMENTAS. <\/strong>El presidente Nicol\u00e1s Maduro asever\u00f3 que el gobierno nacional est\u00e1 abierto a dialogar con la administraci\u00f3n de Donald Trump e insisti\u00f3 en que \u00absi ellos quieren seguir con sanciones, all\u00e1 ellos\u00bb.<\/p>\n\n\n\n<p>\u00abEl que quiera hablar conmigo con respeto y con igualdad, no me le rajo a nadie, ni me le rindo a nadie, y solo obedezco al pueblo soberano\u00bb, dijo.<\/p>\n\n\n\n<p>El mandatario afirm\u00f3 que la lider opositora Mar\u00eda Corina Machado est\u00e1 detr\u00e1s de las acciones para desestabilizar al pa\u00eds. \u00abLa fascista criminal llama a que le impongan sanciones al pueblo\u00bb, dijo.<\/p>\n\n\n\n<p>A\u00f1adi\u00f3 que los venezolanos que dejaron el pa\u00eds son \u00abmigrantes econ\u00f3micos, no son del Tren de Aragua. Salgo en defensa de los migrantes venezolanos porque los amo y quiero que todos regresen sanos y salvos\u00bb, subray\u00f3.<\/p>\n\n\n\n<p>El Ejecutivo lider\u00f3 este jueves la marcha en conmemoraci\u00f3n de los 36 a\u00f1os de El Caracazo, que se moviliz\u00f3 hasta el Palacio de Miraflores.<\/p>\n\n\n\n<p>\u00abPor las buenas somos muy buenos, por las malas somos guerreros temibles. Si alg\u00fan d\u00eda la oligarqu\u00eda fascista de los apellidos intentara imponer en Venezuela un r\u00e9gimen de colonialismo lo que vimos hace 36 a\u00f1os habr\u00eda mil 27 de febrero contra la oligarqu\u00eda\u00bb.<\/p>\n\n\n\n<p>Maduro anunci\u00f3 que desde este jueves debe arrancar el plan de las 7T en todo el pa\u00eds para elaborar los planes territoriales, rese\u00f1a Uni\u00f3n Radio.<\/p>\n\n\n\n<p>Orden\u00f3 a las autoridades regionales asignar recursos al Poder Popular para llevar a cabo los proyectos priorizados en la Primera Consulta Popular Nacional 2025.<br><strong><em>ET \/ Agencias<\/em><\/strong><\/p>\n\n\n\n<p><\/p>\n","protected":false},"excerpt":{"rendered":"<p>ENTRE TORMENTAS. El presidente Nicol\u00e1s Maduro asever\u00f3 que el gobierno nacional est\u00e1 abierto a dialogar&#8230;<\/p>\n","protected":false},"author":2,"featured_media":13663,"comment_status":"closed","ping_status":"open","sticky":false,"template":"","format":"standard","meta":{"footnotes":""},"categories":[56,49],"tags":[],"class_list":["post-13662","post","type-post","status-publish","format-standard","has-post-thumbnail","hentry","category-destacadas","category-nacionales"],"_links":{"self":[{"href":"https:\/\/entretormentas.com\/index.php?rest_route=\/wp\/v2\/posts\/13662","targetHints":{"allow":["GET"]}}],"collection":[{"href":"https:\/\/entretormentas.com\/index.php?rest_route=\/wp\/v2\/posts"}],"about":[{"href":"https:\/\/entretormentas.com\/index.php?rest_route=\/wp\/v2\/types\/post"}],"author":[{"embeddable":true,"href":"https:\/\/entretormentas.com\/index.php?rest_route=\/wp\/v2\/users\/2"}],"replies":[{"embeddable":true,"href":"https:\/\/entretormentas.com\/index.php?rest_route=%2Fwp%2Fv2%2Fcomments&post=13662"}],"version-history":[{"count":1,"href":"https:\/\/entretormentas.com\/index.php?rest_route=\/wp\/v2\/posts\/13662\/revisions"}],"predecessor-version":[{"id":13664,"href":"https:\/\/entretormentas.com\/index.php?rest_route=\/wp\/v2\/posts\/13662\/revisions\/13664"}],"wp:featuredmedia":[{"embeddable":true,"href":"https:\/\/entretormentas.com\/index.php?rest_route=\/wp\/v2\/media\/13663"}],"wp:attachment":[{"href":"https:\/\/entretormentas.com\/index.php?rest_route=%2Fwp%2Fv2%2Fmedia&parent=13662"}],"wp:term":[{"taxonomy":"category","embeddable":true,"href":"https:\/\/entretormentas.com\/index.php?rest_route=%2Fwp%2Fv2%2Fcategories&post=13662"},{"taxonomy":"post_tag","embeddable":true,"href":"https:\/\/entretormentas.com\/index.php?rest_route=%2Fwp%2Fv2%2Ftags&post=13662"}],"curies":[{"name":"wp","href":"https:\/\/api.w.org\/{rel}","templated":true}]}}