{"id":13665,"date":"2025-03-01T11:37:58","date_gmt":"2025-03-01T10:37:58","guid":{"rendered":"https:\/\/entretormentas.com\/?p=13665"},"modified":"2025-03-01T11:37:59","modified_gmt":"2025-03-01T10:37:59","slug":"para-este-carnaval-2025-el-terminal-de-maracaibo-cuenta-con-mas-de-400-unidades-de-transporte","status":"publish","type":"post","link":"https:\/\/entretormentas.com\/para-este-carnaval-2025-el-terminal-de-maracaibo-cuenta-con-mas-de-400-unidades-de-transporte\/","title":{"rendered":"\u00a1PARA ESTE CARNAVAL 2025! El Terminal de Maracaibo cuenta con m\u00e1s de 400 unidades de transporte"},"content":{"rendered":"\n<p><strong>ENTRE TORMENTAS. <\/strong>El Terminal de Pasajeros de Maracaibo dio inicio a los Carnavales 2025, consolid\u00e1ndose como el principal punto de partida para los zulianos que se movilizan durante estas festividades. Con la operatividad de 95 l\u00edneas de transporte, y un total de 400 unidades, los usuarios tienen a su disposici\u00f3n buses expresos, minibuses y carros por puesto para llegar a destinos como M\u00e9rida, Valera, Coro, Punto Fijo y Barquisimeto, que figuran entre los m\u00e1s solicitados.<\/p>\n\n\n\n<p>Rodmar Urdaneta director del Servicio Desconcentrado Terminal de Maracaibo (SEDETEMA) destac\u00f3 la colaboraci\u00f3n interinstitucional de todas las organizaciones que hacen vida d\u00eda a d\u00eda en el terminal.<\/p>\n\n\n\n<figure class=\"wp-block-image size-large\"><img fetchpriority=\"high\" decoding=\"async\" width=\"1024\" height=\"576\" src=\"https:\/\/entretormentas.com\/wp-content\/uploads\/2025\/03\/image-1-1024x576.png\" alt=\"\" class=\"wp-image-13667\" srcset=\"https:\/\/entretormentas.com\/wp-content\/uploads\/2025\/03\/image-1-1024x576.png 1024w, https:\/\/entretormentas.com\/wp-content\/uploads\/2025\/03\/image-1-300x169.png 300w, https:\/\/entretormentas.com\/wp-content\/uploads\/2025\/03\/image-1-768x432.png 768w, https:\/\/entretormentas.com\/wp-content\/uploads\/2025\/03\/image-1-1536x864.png 1536w, https:\/\/entretormentas.com\/wp-content\/uploads\/2025\/03\/image-1-2048x1152.png 2048w\" sizes=\"(max-width: 1024px) 100vw, 1024px\" \/><\/figure>\n\n\n\n<p>\u201cEn esta temporada de Carnal, instituciones como el Instituto Nacional de Transporte Terrestre (INTT), Cruz Roja, C\u00e1ritas Maracaibo, la Organizaci\u00f3n Internacional para las Migraciones (OIM), la Polic\u00eda de Maracaibo y la Polic\u00eda Nacional Bolivariana (PNB) estar\u00e1n trabajando conjuntamente para ofrecer atenci\u00f3n integral a los usuarios. Nuestro objetivo es garantizar un servicio que combine seguridad, organizaci\u00f3n y comodidad para todos los viajeros,\u201d afirm\u00f3 Urdaneta.<\/p>\n\n\n\n<p>Hizo un llamado a los viajeros a disfrutar de las festividades con responsabilidad. \u201cEs importante que quienes nos visitan planifiquen sus viajes con anticipaci\u00f3n, sigan las normativas de seguridad y respeten las indicaciones de las autoridades\u201d.<\/p>\n\n\n\n<p>Record\u00f3 a todos que el terminal estar\u00e1 operando en horario especial desde las 4.00 de la ma\u00f1ana hasta las 8.00 de la noche, garantizando atenci\u00f3n continua durante estos d\u00edas de alta movilidad.<\/p>\n\n\n\n<p>Mar\u00eda S\u00e1ez, de 36 a\u00f1os, viene en compa\u00f1\u00eda de su mam\u00e1 desde Machiques a pasar los d\u00edas de carnavales en Maracaibo, lleg\u00f3 este viernes 28. \u201cComo son varios d\u00edas de descanso mi mam\u00e1 y yo venimos a pasar tiempo en familia ac\u00e1 en Maracaibo, ya que hay muchas actividades y lugares por visitar.\u201d<\/p>\n\n\n\n<figure class=\"wp-block-image size-large\"><img decoding=\"async\" width=\"1024\" height=\"576\" src=\"https:\/\/entretormentas.com\/wp-content\/uploads\/2025\/03\/image-2-1024x576.png\" alt=\"\" class=\"wp-image-13668\" srcset=\"https:\/\/entretormentas.com\/wp-content\/uploads\/2025\/03\/image-2-1024x576.png 1024w, https:\/\/entretormentas.com\/wp-content\/uploads\/2025\/03\/image-2-300x169.png 300w, https:\/\/entretormentas.com\/wp-content\/uploads\/2025\/03\/image-2-768x432.png 768w, https:\/\/entretormentas.com\/wp-content\/uploads\/2025\/03\/image-2-1536x864.png 1536w, https:\/\/entretormentas.com\/wp-content\/uploads\/2025\/03\/image-2-2048x1152.png 2048w\" sizes=\"(max-width: 1024px) 100vw, 1024px\" \/><\/figure>\n\n\n\n<p>Luis Gonz\u00e1lez de 40 a\u00f1os, viaja con su esposa y dos hijos a Coro a disfrutar de las playas expres\u00f3 que la afluencia de pasajeros no es la misma como en a\u00f1os anteriores, pero si hay usuarios viajando.<\/p>\n\n\n\n<p>\u201cA\u00f1os atr\u00e1s viajaba solo con mi esposa y hab\u00eda muchas personas viajando, ahora es distinto, pero a\u00fan hay personas que conservan la tradici\u00f3n de viajar, de conocer nuevos lugares y disfrutar de los carnavales, mencion\u00f3.<\/p>\n\n\n\n<p>Del mismo modo, Mariana Zerpa de 19 a\u00f1os, viaja con su grupo de amigos a Barquisimeto. \u201cMis amigos y yo somos fan\u00e1ticos de viajar y conocer lugares nuevos, dentro del estado hemos conocido bastante y ahora para carnavales hemos decidido tomar como primera salida Barquisimeto para conocer otros lugares fuera del estado\u201d.<br><strong><em>ET \/ DCI Alcald\u00eda de Maracaibo<\/em><\/strong><\/p>\n\n\n\n<p><\/p>\n","protected":false},"excerpt":{"rendered":"<p>ENTRE TORMENTAS. El Terminal de Pasajeros de Maracaibo dio inicio a los Carnavales 2025, consolid\u00e1ndose&#8230;<\/p>\n","protected":false},"author":2,"featured_media":13666,"comment_status":"closed","ping_status":"open","sticky":false,"template":"","format":"standard","meta":{"footnotes":""},"categories":[1],"tags":[],"class_list":["post-13665","post","type-post","status-publish","format-standard","has-post-thumbnail","hentry","category-regionales"],"_links":{"self":[{"href":"https:\/\/entretormentas.com\/index.php?rest_route=\/wp\/v2\/posts\/13665","targetHints":{"allow":["GET"]}}],"collection":[{"href":"https:\/\/entretormentas.com\/index.php?rest_route=\/wp\/v2\/posts"}],"about":[{"href":"https:\/\/entretormentas.com\/index.php?rest_route=\/wp\/v2\/types\/post"}],"author":[{"embeddable":true,"href":"https:\/\/entretormentas.com\/index.php?rest_route=\/wp\/v2\/users\/2"}],"replies":[{"embeddable":true,"href":"https:\/\/entretormentas.com\/index.php?rest_route=%2Fwp%2Fv2%2Fcomments&post=13665"}],"version-history":[{"count":1,"href":"https:\/\/entretormentas.com\/index.php?rest_route=\/wp\/v2\/posts\/13665\/revisions"}],"predecessor-version":[{"id":13669,"href":"https:\/\/entretormentas.com\/index.php?rest_route=\/wp\/v2\/posts\/13665\/revisions\/13669"}],"wp:featuredmedia":[{"embeddable":true,"href":"https:\/\/entretormentas.com\/index.php?rest_route=\/wp\/v2\/media\/13666"}],"wp:attachment":[{"href":"https:\/\/entretormentas.com\/index.php?rest_route=%2Fwp%2Fv2%2Fmedia&parent=13665"}],"wp:term":[{"taxonomy":"category","embeddable":true,"href":"https:\/\/entretormentas.com\/index.php?rest_route=%2Fwp%2Fv2%2Fcategories&post=13665"},{"taxonomy":"post_tag","embeddable":true,"href":"https:\/\/entretormentas.com\/index.php?rest_route=%2Fwp%2Fv2%2Ftags&post=13665"}],"curies":[{"name":"wp","href":"https:\/\/api.w.org\/{rel}","templated":true}]}}