{"id":13670,"date":"2025-03-01T11:41:44","date_gmt":"2025-03-01T10:41:44","guid":{"rendered":"https:\/\/entretormentas.com\/?p=13670"},"modified":"2025-03-01T11:41:44","modified_gmt":"2025-03-01T10:41:44","slug":"arranca-la-fiesta-maracaibo-vivira-el-carnaval-con-una-noche-de-retreta-en-la-calle-carabobo","status":"publish","type":"post","link":"https:\/\/entretormentas.com\/arranca-la-fiesta-maracaibo-vivira-el-carnaval-con-una-noche-de-retreta-en-la-calle-carabobo\/","title":{"rendered":"\u00a1ARRANCA LA FIESTA! Maracaibo vivir\u00e1 el Carnaval con una Noche de Retreta en la Calle Carabobo"},"content":{"rendered":"\n<p><strong>ENTRE TORMENTAS.<\/strong> La Alcald\u00eda de Maracaibo a trav\u00e9s de la Direcci\u00f3n de Turismo prepar\u00f3 para este s\u00e1bado 1 de marzo una Noche de Retreta en la Calle Carabobo por motivo de la celebraci\u00f3n del Carnaval 2025.<\/p>\n\n\n\n<p>En el casco central iniciar\u00e1 la quinta edici\u00f3n de este emblem\u00e1tico evento a las 7:00 de la noche. Los asistentes bailar\u00e1n al ritmo de la escuela de gaita Heriberto Molina, perteneciente al Instituto Municipal de la Gaita (IMGRA), adem\u00e1s disfrutar\u00e1n de la solista Johana Sayago, de la agrupaci\u00f3n Puro Nivel y los zancos de Megator led.<\/p>\n\n\n\n<figure class=\"wp-block-image size-large\"><img fetchpriority=\"high\" decoding=\"async\" width=\"819\" height=\"1024\" src=\"https:\/\/entretormentas.com\/wp-content\/uploads\/2025\/03\/image-4-819x1024.png\" alt=\"\" class=\"wp-image-13672\" srcset=\"https:\/\/entretormentas.com\/wp-content\/uploads\/2025\/03\/image-4-819x1024.png 819w, https:\/\/entretormentas.com\/wp-content\/uploads\/2025\/03\/image-4-240x300.png 240w, https:\/\/entretormentas.com\/wp-content\/uploads\/2025\/03\/image-4-768x960.png 768w, https:\/\/entretormentas.com\/wp-content\/uploads\/2025\/03\/image-4.png 1024w\" sizes=\"(max-width: 819px) 100vw, 819px\" \/><\/figure>\n\n\n\n<p>La Noche de Retreta contar\u00e1n con el patrocinio de empresas Polar y Pasapalo Express; tambi\u00e9n tendr\u00e1n el apoyo de la Direcci\u00f3n de Eventos, del Instituto Municipal de Transporte Colectivo y Urbano de pasajeros del Municipio Maracaibo (IMTCUMA), la Direcci\u00f3n de Giras, la Direcci\u00f3n de Seguridad Ciudadana, Protecci\u00f3n Civil, Instituto Municipal de Ambiente y del Instituto Municipal de Aseo Urbano (IMAU).<\/p>\n\n\n\n<p>Juan Urdaneta, director de Turismo, indici\u00f3 que con la Noche de Retreta se les otorgar\u00e1 a los marabinos una buena opci\u00f3n para el Carnaval 2025. \u201cLa idea es que se pueda disfrutar en familia y para esto preparamos esta quinta edici\u00f3n. Tendremos la participaci\u00f3n de los cuerpos de seguridad para que los asistentes se sientan complemente seguros en esta actividad que ser\u00e1 netamente familiar y recreativa\u201d.<\/p>\n\n\n\n<figure class=\"wp-block-image size-large\"><img decoding=\"async\" width=\"1024\" height=\"682\" src=\"https:\/\/entretormentas.com\/wp-content\/uploads\/2025\/03\/image-5-1024x682.png\" alt=\"\" class=\"wp-image-13673\" srcset=\"https:\/\/entretormentas.com\/wp-content\/uploads\/2025\/03\/image-5-1024x682.png 1024w, https:\/\/entretormentas.com\/wp-content\/uploads\/2025\/03\/image-5-300x200.png 300w, https:\/\/entretormentas.com\/wp-content\/uploads\/2025\/03\/image-5-768x512.png 768w, https:\/\/entretormentas.com\/wp-content\/uploads\/2025\/03\/image-5.png 1280w\" sizes=\"(max-width: 1024px) 100vw, 1024px\" \/><\/figure>\n\n\n\n<p>Mar\u00eda Concepci\u00f3n Y\u00e1nez, presidenta de Fondo Municipal de Financiamiento de Proyectos y Desarrollo Tur\u00edstico (FOMUTUR), indic\u00f3 que esta Noche de Retreta ser\u00e1 la primera de 2025. \u201cTodos los asistentes disfrutar\u00e1n de la participaci\u00f3n de varias marcas de comida, y los m\u00e1s peque\u00f1os tendr\u00e1n un espacio con inflables, toro mec\u00e1nico y diversas actividades recreativas\u201d.<\/p>\n\n\n\n<p>Y\u00e1nez destac\u00f3 que la Alcald\u00eda de Maracaibo seguir\u00e1 desarrollando una seria de actividades durante el asueto de carnaval para el disfrute de propios y visitantes en diversos puntos de la ciudad.<br><strong><em>ET \/ DCI Alcald\u00eda de Maracaibo<\/em><\/strong><\/p>\n","protected":false},"excerpt":{"rendered":"<p>ENTRE TORMENTAS. La Alcald\u00eda de Maracaibo a trav\u00e9s de la Direcci\u00f3n de Turismo prepar\u00f3 para&#8230;<\/p>\n","protected":false},"author":2,"featured_media":13671,"comment_status":"closed","ping_status":"open","sticky":false,"template":"","format":"standard","meta":{"footnotes":""},"categories":[1],"tags":[],"class_list":["post-13670","post","type-post","status-publish","format-standard","has-post-thumbnail","hentry","category-regionales"],"_links":{"self":[{"href":"https:\/\/entretormentas.com\/index.php?rest_route=\/wp\/v2\/posts\/13670","targetHints":{"allow":["GET"]}}],"collection":[{"href":"https:\/\/entretormentas.com\/index.php?rest_route=\/wp\/v2\/posts"}],"about":[{"href":"https:\/\/entretormentas.com\/index.php?rest_route=\/wp\/v2\/types\/post"}],"author":[{"embeddable":true,"href":"https:\/\/entretormentas.com\/index.php?rest_route=\/wp\/v2\/users\/2"}],"replies":[{"embeddable":true,"href":"https:\/\/entretormentas.com\/index.php?rest_route=%2Fwp%2Fv2%2Fcomments&post=13670"}],"version-history":[{"count":1,"href":"https:\/\/entretormentas.com\/index.php?rest_route=\/wp\/v2\/posts\/13670\/revisions"}],"predecessor-version":[{"id":13674,"href":"https:\/\/entretormentas.com\/index.php?rest_route=\/wp\/v2\/posts\/13670\/revisions\/13674"}],"wp:featuredmedia":[{"embeddable":true,"href":"https:\/\/entretormentas.com\/index.php?rest_route=\/wp\/v2\/media\/13671"}],"wp:attachment":[{"href":"https:\/\/entretormentas.com\/index.php?rest_route=%2Fwp%2Fv2%2Fmedia&parent=13670"}],"wp:term":[{"taxonomy":"category","embeddable":true,"href":"https:\/\/entretormentas.com\/index.php?rest_route=%2Fwp%2Fv2%2Fcategories&post=13670"},{"taxonomy":"post_tag","embeddable":true,"href":"https:\/\/entretormentas.com\/index.php?rest_route=%2Fwp%2Fv2%2Ftags&post=13670"}],"curies":[{"name":"wp","href":"https:\/\/api.w.org\/{rel}","templated":true}]}}