{"id":13680,"date":"2025-03-01T11:49:48","date_gmt":"2025-03-01T10:49:48","guid":{"rendered":"https:\/\/entretormentas.com\/?p=13680"},"modified":"2025-03-01T11:49:48","modified_gmt":"2025-03-01T10:49:48","slug":"alcaldia-activa-bomberos-y-proteccion-civil-de-maracaibo-reciben-dotacion-de-motos-y-equipos-de-atencion","status":"publish","type":"post","link":"https:\/\/entretormentas.com\/alcaldia-activa-bomberos-y-proteccion-civil-de-maracaibo-reciben-dotacion-de-motos-y-equipos-de-atencion\/","title":{"rendered":"\u00a1ALCALD\u00cdA ACTIVA! Bomberos y Protecci\u00f3n Civil de Maracaibo reciben dotaci\u00f3n de motos y equipos de atenci\u00f3n"},"content":{"rendered":"\n<p><strong>ENTRE TORMENTAS.<\/strong> Prevenci\u00f3n es igual a equipamiento. Por ello, la Alcald\u00eda de Maracaibo, en un esfuerzo por garantizar la seguridad de los ciudadanos de cara al asueto de Carnaval 2025, dot\u00f3 con motos y equipos de atenci\u00f3n de emergencias al Cuerpo de Bomberos y Protecci\u00f3n Civil del municipio. El alcalde encargado Adri\u00e1n Romero Mart\u00ednez, encabez\u00f3 el acto de entrega realizado el 28 de febrero en las oficinas administrativas del cuerpo bomberil, cuya ubicaci\u00f3n es mejor conocida como la bola del gas.<\/p>\n\n\n\n<p>Se trata de la entrega de seis motos nuevas, kits de herramientas de rescate para intricaci\u00f3n vehicular, la repotenciaci\u00f3n de la unidad cisterna y de la unidad tipo escalera de elevaci\u00f3n. Todo como parte de una revisi\u00f3n completa al parque automotor operativo del Cuerpo de Bomberos. En cuanto a Protecci\u00f3n civil, recibi\u00f3 tres motos nuevas, cascos para motorizados, la repotenciaci\u00f3n de la ambulancia y de dos unidades motos, as\u00ed como la dotaci\u00f3n de 65 uniformes.<\/p>\n\n\n\n<figure class=\"wp-block-image size-large\"><img fetchpriority=\"high\" decoding=\"async\" width=\"1024\" height=\"576\" src=\"https:\/\/entretormentas.com\/wp-content\/uploads\/2025\/03\/image-11-1024x576.png\" alt=\"\" class=\"wp-image-13683\" srcset=\"https:\/\/entretormentas.com\/wp-content\/uploads\/2025\/03\/image-11-1024x576.png 1024w, https:\/\/entretormentas.com\/wp-content\/uploads\/2025\/03\/image-11-300x169.png 300w, https:\/\/entretormentas.com\/wp-content\/uploads\/2025\/03\/image-11-768x432.png 768w, https:\/\/entretormentas.com\/wp-content\/uploads\/2025\/03\/image-11.png 1280w\" sizes=\"(max-width: 1024px) 100vw, 1024px\" \/><\/figure>\n\n\n\n<p>Adri\u00e1n Romero Mart\u00ednez, alcalde encargado de Maracaibo, inform\u00f3 que paso a paso se est\u00e1 dotando y repotenciando los \u00f3rganos de seguridad. \u201cVamos ampliando nuestro equipamiento y por lo tanto nuestras operaciones, porque los marabinos se merecen cuerpos de seguridad bien dotados con equipos de prevenci\u00f3n. Porque es preferible tenerlo y no ocuparlo, que necesitarlo en una gran emergencia y no tenerlo. As\u00ed se salvan vidas\u201d.<\/p>\n\n\n\n<p>Enghelbert Atencio, director del Cuerpo Bomberos de Maracaibo, explic\u00f3 que el cami\u00f3n de elevaci\u00f3n ten\u00eda aproximadamente 12 a\u00f1os fuera de servicio. Su activaci\u00f3n le brinda mayor tiempo de respuesta y un mayor servicio a las comunidades en posibles siniestros que ocurran en lugares elevados.<\/p>\n\n\n\n<p>\u201cEsto es un sue\u00f1o hecho realidad. Estos equipos nos permiten desplazarnos mejor y m\u00e1s lejos para atender las emergencias y situaciones de desastre que se puedan presentar en la ciudad en \u00e9poca de lluvia. Es un gran avance para nuestros equipos de respuesta\u201d.<\/p>\n\n\n\n<figure class=\"wp-block-image size-large\"><img decoding=\"async\" width=\"1024\" height=\"576\" src=\"https:\/\/entretormentas.com\/wp-content\/uploads\/2025\/03\/image-9-1024x576.png\" alt=\"\" class=\"wp-image-13681\" srcset=\"https:\/\/entretormentas.com\/wp-content\/uploads\/2025\/03\/image-9-1024x576.png 1024w, https:\/\/entretormentas.com\/wp-content\/uploads\/2025\/03\/image-9-300x169.png 300w, https:\/\/entretormentas.com\/wp-content\/uploads\/2025\/03\/image-9-768x432.png 768w, https:\/\/entretormentas.com\/wp-content\/uploads\/2025\/03\/image-9.png 1280w\" sizes=\"(max-width: 1024px) 100vw, 1024px\" \/><\/figure>\n\n\n\n<p><strong>PREVENCI\u00d3N Y PROTECCI\u00d3N EN MARACAIBO<\/strong><br>Aldrin Parra, comisario y director de Seguridad Ciudadana de Maracaibo, se\u00f1al\u00f3 que este equipamiento es propicio para brindar la mayor seguridad durante el asueto de Carnavales que todos los marabinos quieren disfrutar. \u201cMientras m\u00e1s amplio sea el cuerpo automotor, m\u00e1s lejos podemos llegar y m\u00e1s zonas podemos cubrir. Estos Carnavales 2025 tendr\u00e1n cuerpos de seguridad mejorados y listos para cualquier eventualidad\u201d.<\/p>\n\n\n\n<p>Por su parte, Marco Acevedo, director de Protecci\u00f3n Civil y Administraci\u00f3n de Desastres del municipio Maracaibo, se\u00f1al\u00f3 que los equipos vienen a reforzar la capacidad de respuesta ante situaciones adversas, pero adem\u00e1s para facilitar las operaciones rutinarias. \u201cNuestro trabajo es visitar las comunidades para llevarles el mensaje sobre c\u00f3mo tienen que comportarse antes, durante y despu\u00e9s de la lluvia o ante un sismo. Tambi\u00e9n nos prepararemos simulacro Caribe Wave, esperando poder mantener el primer lugar que obtuvimos en 2023\u201d.<br><strong><em>ET \/ DCI Alcald\u00eda de Maracaibo<\/em><\/strong><\/p>\n","protected":false},"excerpt":{"rendered":"<p>ENTRE TORMENTAS. Prevenci\u00f3n es igual a equipamiento. Por ello, la Alcald\u00eda de Maracaibo, en un&#8230;<\/p>\n","protected":false},"author":2,"featured_media":13682,"comment_status":"closed","ping_status":"open","sticky":false,"template":"","format":"standard","meta":{"footnotes":""},"categories":[57,1],"tags":[],"class_list":["post-13680","post","type-post","status-publish","format-standard","has-post-thumbnail","hentry","category-actualidad","category-regionales"],"_links":{"self":[{"href":"https:\/\/entretormentas.com\/index.php?rest_route=\/wp\/v2\/posts\/13680","targetHints":{"allow":["GET"]}}],"collection":[{"href":"https:\/\/entretormentas.com\/index.php?rest_route=\/wp\/v2\/posts"}],"about":[{"href":"https:\/\/entretormentas.com\/index.php?rest_route=\/wp\/v2\/types\/post"}],"author":[{"embeddable":true,"href":"https:\/\/entretormentas.com\/index.php?rest_route=\/wp\/v2\/users\/2"}],"replies":[{"embeddable":true,"href":"https:\/\/entretormentas.com\/index.php?rest_route=%2Fwp%2Fv2%2Fcomments&post=13680"}],"version-history":[{"count":1,"href":"https:\/\/entretormentas.com\/index.php?rest_route=\/wp\/v2\/posts\/13680\/revisions"}],"predecessor-version":[{"id":13684,"href":"https:\/\/entretormentas.com\/index.php?rest_route=\/wp\/v2\/posts\/13680\/revisions\/13684"}],"wp:featuredmedia":[{"embeddable":true,"href":"https:\/\/entretormentas.com\/index.php?rest_route=\/wp\/v2\/media\/13682"}],"wp:attachment":[{"href":"https:\/\/entretormentas.com\/index.php?rest_route=%2Fwp%2Fv2%2Fmedia&parent=13680"}],"wp:term":[{"taxonomy":"category","embeddable":true,"href":"https:\/\/entretormentas.com\/index.php?rest_route=%2Fwp%2Fv2%2Fcategories&post=13680"},{"taxonomy":"post_tag","embeddable":true,"href":"https:\/\/entretormentas.com\/index.php?rest_route=%2Fwp%2Fv2%2Ftags&post=13680"}],"curies":[{"name":"wp","href":"https:\/\/api.w.org\/{rel}","templated":true}]}}