{"id":13685,"date":"2025-03-01T11:54:07","date_gmt":"2025-03-01T10:54:07","guid":{"rendered":"https:\/\/entretormentas.com\/?p=13685"},"modified":"2025-03-01T11:54:07","modified_gmt":"2025-03-01T10:54:07","slug":"reconocimiento-gobernacion-entrega-premio-luis-lucho-moreno-a-atletas-y-paratletas-zulianos","status":"publish","type":"post","link":"https:\/\/entretormentas.com\/reconocimiento-gobernacion-entrega-premio-luis-lucho-moreno-a-atletas-y-paratletas-zulianos\/","title":{"rendered":"\u00a1RECONOCIMIENTO! Gobernaci\u00f3n entrega Premio Luis \u201cLucho\u201d Moreno a atletas y paratletas zulianos"},"content":{"rendered":"\n<p><strong>ENTRE TORMENTAS. <\/strong>El gobernador del estado Zulia, Manuel Rosales Guerrero, entreg\u00f3 este vienes, 28 de febrero, el Premio Regional al M\u00e9rito Deportivo \u201cLuis &#8216;Lucho&#8217; Moreno\u00bb, adem\u00e1s de reconocimientos a los atletas y paratletas que participaron en los Juegos Nacionales Oriente 2024.<\/p>\n\n\n\n<p>Desde el Teatro Baralt, el Gobernador recalc\u00f3 que este prestigioso evento tiene importantes lecturas\u201d Una es el reconocimiento a los atletas, paratletas, entrenadores, t\u00e9cnicos y Glorias Deportivas, as\u00ed como al Premio Luis \u2018Lucho\u2019 Moreno que estuvo seis a\u00f1os desaparecido\u00bb.<\/p>\n\n\n\n<figure class=\"wp-block-image size-large\"><img fetchpriority=\"high\" decoding=\"async\" width=\"1024\" height=\"682\" src=\"https:\/\/entretormentas.com\/wp-content\/uploads\/2025\/03\/image-14-1024x682.png\" alt=\"\" class=\"wp-image-13688\" srcset=\"https:\/\/entretormentas.com\/wp-content\/uploads\/2025\/03\/image-14-1024x682.png 1024w, https:\/\/entretormentas.com\/wp-content\/uploads\/2025\/03\/image-14-300x200.png 300w, https:\/\/entretormentas.com\/wp-content\/uploads\/2025\/03\/image-14-768x512.png 768w, https:\/\/entretormentas.com\/wp-content\/uploads\/2025\/03\/image-14-1536x1024.png 1536w, https:\/\/entretormentas.com\/wp-content\/uploads\/2025\/03\/image-14-2048x1365.png 2048w\" sizes=\"(max-width: 1024px) 100vw, 1024px\" \/><\/figure>\n\n\n\n<p>En cuanto a la segunda lectura, Rosales dijo que este a\u00f1o se duplic\u00f3 la participaci\u00f3n en los Juegos, alcanzando cerca de 700 atletas. \u00abNos estamos preparando, encendiendo todo un dise\u00f1o y estrategia, porque las pr\u00f3ximas competencias ol\u00edmpicas y Juegos Deportivos Nacionales se sentir\u00e1 la presencia y la victoria de ustedes y del Zulia. Ese es el reto que hoy se dibuja en el horizonte y en el tiempo\u00bb.<\/p>\n\n\n\n<p>Insisti\u00f3 que para eso hay que prepararse. \u00abEstamos construyendo la segunda fase de los espacios deportivos y dentro de este dise\u00f1o cada deporte tiene que tener un plan. Vamos a hacer un plan inicial para dar becas de manera progresiva a los atletas y competidores\u00bb.<\/p>\n\n\n\n<p>Refiri\u00f3, adem\u00e1s, el impulso a la pr\u00e1ctica del ajedrez entre j\u00f3venes y ni\u00f1os, para aprender a pensar, razonar, construir estrategias; avanzar, retroceder, colocarse a un lado cuando corresponde. \u201cPor eso estamos construyendo espacios de ajedrez en las escuelas y la posibilidad de construir una Casa de Ajedrez en la Costa Oriental del Lago, en cada barrio, sector y urbanizaci\u00f3n del Zulia, as\u00ed como la pr\u00e1ctica de esta disciplina en l\u00ednea\u00bb.<\/p>\n\n\n\n<p>Dijo sentirse orgulloso de la participaci\u00f3n de los paratletas, entrenadores y asesores que demuestran sus destrezas en las competencias. \u00abSon orgullo para para sus familias y el pueblo. Un aplauso para ellos\u00bb, pidi\u00f3.<\/p>\n\n\n\n<p>Rosales coment\u00f3 que el cambio se nota cuando uno observa la Villa Deportiva, los estadios de peque\u00f1as ligas de Coquivacoa y San Francisco, las canchas de usos M\u00faltiples, el Centro Cultural y Deportivo Sim\u00f3n Bol\u00edvar, y muchos espacios deportivos en el Zulia. \u201cSe nota tambi\u00e9n en el regreso de atletas que se hab\u00edan marchado, porque nadie quer\u00eda venir a este estado\u00bb.<\/p>\n\n\n\n<figure class=\"wp-block-image size-large\"><img decoding=\"async\" width=\"1024\" height=\"576\" src=\"https:\/\/entretormentas.com\/wp-content\/uploads\/2025\/03\/image-13-1024x576.png\" alt=\"\" class=\"wp-image-13687\" srcset=\"https:\/\/entretormentas.com\/wp-content\/uploads\/2025\/03\/image-13-1024x576.png 1024w, https:\/\/entretormentas.com\/wp-content\/uploads\/2025\/03\/image-13-300x169.png 300w, https:\/\/entretormentas.com\/wp-content\/uploads\/2025\/03\/image-13-768x432.png 768w, https:\/\/entretormentas.com\/wp-content\/uploads\/2025\/03\/image-13-1536x864.png 1536w, https:\/\/entretormentas.com\/wp-content\/uploads\/2025\/03\/image-13-2048x1152.png 2048w\" sizes=\"(max-width: 1024px) 100vw, 1024px\" \/><\/figure>\n\n\n\n<p><strong>GALARDONADOS<\/strong><br>El Premio Regional al M\u00e9rito Deportivo \u00abLuis &#8216;Lucho&#8217; Moreno\u00bb lo recibieron Amarantha Urdaneta, Judo; Leonel Mart\u00ednez, Tiro Deportivo; Santiago Quintero, Atletismo; \u00c1mbar Parra, Gimnasia R\u00edtmica; Alejandra P\u00e9rez, Paratletismo; Juan Laguna, Paratletismo; Mariela Riera, entrenador del a\u00f1o 2023 en Atletismo y Paratletismo; Isidoro Barthelemi, entrenador del a\u00f1o 2023 en Paratletismo; Renzo Gonz\u00e1lez, dirigente del a\u00f1o 2023 en Sambo; Suying Olivares, dirigente del a\u00f1o 2023 en F\u00fatbol y la Asociaci\u00f3n de Boxeo del estado Zulia<\/p>\n\n\n\n<p>Tambi\u00e9n recibieron reconocimientos los atletas y paratletas medallistas de los Juegos Nacionales Juveniles, Oriente 2024 de los Vig\u00e9simos Primeros Juegos Nacionales Juveniles en las categor\u00edas: Atletismo, Gimnasia R\u00edtmica, Wushu, Judo, Lucha, Ajedrez, Boxeo, Ciclismo, Taekwondo, Fisicoculturismo y Fitness, Karate Do, Sambo, Tenis de Campo, Nataci\u00f3n, Remo, Bowling, Esgrima, Kickboxing y Kickingball.<\/p>\n\n\n\n<p>Asimismo los atletas y paratletas participantes de los terceros Juegos Deportivos Paranacionales, Oriente 2024 en las categor\u00edas: Paranataci\u00f3n, Ajedrez Visual, Paratletismo, Parapowerlifting, F\u00fatbol Sala T21 y T20, Goalball masculino.<br><strong><em>ET \/ Nota de Prensa<\/em><\/strong><\/p>\n\n\n\n<p><\/p>\n","protected":false},"excerpt":{"rendered":"<p>ENTRE TORMENTAS. El gobernador del estado Zulia, Manuel Rosales Guerrero, entreg\u00f3 este vienes, 28 de&#8230;<\/p>\n","protected":false},"author":2,"featured_media":13686,"comment_status":"closed","ping_status":"open","sticky":false,"template":"","format":"standard","meta":{"footnotes":""},"categories":[57,1],"tags":[],"class_list":["post-13685","post","type-post","status-publish","format-standard","has-post-thumbnail","hentry","category-actualidad","category-regionales"],"_links":{"self":[{"href":"https:\/\/entretormentas.com\/index.php?rest_route=\/wp\/v2\/posts\/13685","targetHints":{"allow":["GET"]}}],"collection":[{"href":"https:\/\/entretormentas.com\/index.php?rest_route=\/wp\/v2\/posts"}],"about":[{"href":"https:\/\/entretormentas.com\/index.php?rest_route=\/wp\/v2\/types\/post"}],"author":[{"embeddable":true,"href":"https:\/\/entretormentas.com\/index.php?rest_route=\/wp\/v2\/users\/2"}],"replies":[{"embeddable":true,"href":"https:\/\/entretormentas.com\/index.php?rest_route=%2Fwp%2Fv2%2Fcomments&post=13685"}],"version-history":[{"count":1,"href":"https:\/\/entretormentas.com\/index.php?rest_route=\/wp\/v2\/posts\/13685\/revisions"}],"predecessor-version":[{"id":13689,"href":"https:\/\/entretormentas.com\/index.php?rest_route=\/wp\/v2\/posts\/13685\/revisions\/13689"}],"wp:featuredmedia":[{"embeddable":true,"href":"https:\/\/entretormentas.com\/index.php?rest_route=\/wp\/v2\/media\/13686"}],"wp:attachment":[{"href":"https:\/\/entretormentas.com\/index.php?rest_route=%2Fwp%2Fv2%2Fmedia&parent=13685"}],"wp:term":[{"taxonomy":"category","embeddable":true,"href":"https:\/\/entretormentas.com\/index.php?rest_route=%2Fwp%2Fv2%2Fcategories&post=13685"},{"taxonomy":"post_tag","embeddable":true,"href":"https:\/\/entretormentas.com\/index.php?rest_route=%2Fwp%2Fv2%2Ftags&post=13685"}],"curies":[{"name":"wp","href":"https:\/\/api.w.org\/{rel}","templated":true}]}}