{"id":13693,"date":"2025-03-01T11:59:19","date_gmt":"2025-03-01T10:59:19","guid":{"rendered":"https:\/\/entretormentas.com\/?p=13693"},"modified":"2025-03-01T11:59:19","modified_gmt":"2025-03-01T10:59:19","slug":"en-el-contexto-electoral-grupo-de-la-onu-pidio-al-gobierno-venezolano-informar-el-paradero-de-desaparecidos","status":"publish","type":"post","link":"https:\/\/entretormentas.com\/en-el-contexto-electoral-grupo-de-la-onu-pidio-al-gobierno-venezolano-informar-el-paradero-de-desaparecidos\/","title":{"rendered":"\u00a1EN EL CONTEXTO ELECTORAL! Grupo de la ONU pidi\u00f3 al gobierno venezolano informar el paradero de desaparecidos"},"content":{"rendered":"\n<p><strong>ENTRE TORMENTAS. <\/strong>Expertos en derechos humanos de Naciones Unidas pidieron este viernes en un comunicado a las autoridades venezolanas que informen de la suerte y el paradero de las v\u00edctimas de desaparici\u00f3n forzada en el contexto de las elecciones presidenciales de julio de 2024, as\u00ed como durante y despu\u00e9s de la investidura presidencial en enero de 2025.<\/p>\n\n\n\n<p>\u00abAnte instituciones nacionales parcializadas y disfuncionales, las v\u00edctimas recurren cada vez m\u00e1s a mecanismos internacionales para conocer la verdad sobre sus seres queridos, prevenir cualquier da\u00f1o irreparable a su vida e integridad personal y buscar reparaci\u00f3n\u00bb, se\u00f1alaron los cinco expertos que componen el Grupo de Trabajo de la ONU sobre Desapariciones Forzadas.<\/p>\n\n\n\n<p>Subrayaron que han recibido testimonios de familiares, abogados y organizaciones de la sociedad civil, quienes se han quejado de que sus denuncias y recursos de habeas corpus no est\u00e1n siendo procesados, y en ocasiones, ni siquiera aceptados.<\/p>\n\n\n\n<p>\u00abEl uso creciente de la desaparici\u00f3n forzada como un arma para silenciar a miembros de la oposici\u00f3n, personas percibidas como tales, activistas prodemocracia y personas defensoras de derechos humanos, busca generar un efecto disuasorio en toda la sociedad\u00bb, lamentaron.<\/p>\n\n\n\n<p>El Grupo de Trabajo sobre las Desapariciones Forzadas est\u00e1 presidido por Gabriella Citroni y lo completan Grazyna Baranowska, Aua Bald\u00e9, Ana-Lorena Delgadillo P\u00e9rez y Mohammed Al-Obaidi.<br><strong><em>ET \/ Agencias<\/em><\/strong><\/p>\n\n\n\n<p><\/p>\n","protected":false},"excerpt":{"rendered":"<p>ENTRE TORMENTAS. Expertos en derechos humanos de Naciones Unidas pidieron este viernes en un comunicado&#8230;<\/p>\n","protected":false},"author":2,"featured_media":13694,"comment_status":"closed","ping_status":"open","sticky":false,"template":"","format":"standard","meta":{"footnotes":""},"categories":[56,49],"tags":[],"class_list":["post-13693","post","type-post","status-publish","format-standard","has-post-thumbnail","hentry","category-destacadas","category-nacionales"],"_links":{"self":[{"href":"https:\/\/entretormentas.com\/index.php?rest_route=\/wp\/v2\/posts\/13693","targetHints":{"allow":["GET"]}}],"collection":[{"href":"https:\/\/entretormentas.com\/index.php?rest_route=\/wp\/v2\/posts"}],"about":[{"href":"https:\/\/entretormentas.com\/index.php?rest_route=\/wp\/v2\/types\/post"}],"author":[{"embeddable":true,"href":"https:\/\/entretormentas.com\/index.php?rest_route=\/wp\/v2\/users\/2"}],"replies":[{"embeddable":true,"href":"https:\/\/entretormentas.com\/index.php?rest_route=%2Fwp%2Fv2%2Fcomments&post=13693"}],"version-history":[{"count":1,"href":"https:\/\/entretormentas.com\/index.php?rest_route=\/wp\/v2\/posts\/13693\/revisions"}],"predecessor-version":[{"id":13695,"href":"https:\/\/entretormentas.com\/index.php?rest_route=\/wp\/v2\/posts\/13693\/revisions\/13695"}],"wp:featuredmedia":[{"embeddable":true,"href":"https:\/\/entretormentas.com\/index.php?rest_route=\/wp\/v2\/media\/13694"}],"wp:attachment":[{"href":"https:\/\/entretormentas.com\/index.php?rest_route=%2Fwp%2Fv2%2Fmedia&parent=13693"}],"wp:term":[{"taxonomy":"category","embeddable":true,"href":"https:\/\/entretormentas.com\/index.php?rest_route=%2Fwp%2Fv2%2Fcategories&post=13693"},{"taxonomy":"post_tag","embeddable":true,"href":"https:\/\/entretormentas.com\/index.php?rest_route=%2Fwp%2Fv2%2Ftags&post=13693"}],"curies":[{"name":"wp","href":"https:\/\/api.w.org\/{rel}","templated":true}]}}