{"id":13696,"date":"2025-03-01T12:01:16","date_gmt":"2025-03-01T11:01:16","guid":{"rendered":"https:\/\/entretormentas.com\/?p=13696"},"modified":"2025-03-01T12:01:50","modified_gmt":"2025-03-01T11:01:50","slug":"segun-provea-continuan-violaciones-a-ddhh-en-venezuela-a-36-anos-del-caracazo","status":"publish","type":"post","link":"https:\/\/entretormentas.com\/segun-provea-continuan-violaciones-a-ddhh-en-venezuela-a-36-anos-del-caracazo\/","title":{"rendered":"\u00a1SEG\u00daN PROVEA! Contin\u00faan \u00abviolaciones\u00bb a DDHH en Venezuela a 36 a\u00f1os del Caracazo"},"content":{"rendered":"\n<p><strong>ENTRE TORMENTAS.<\/strong> La ONG Provea afirm\u00f3 este jueves que en Venezuela contin\u00faan las \u00abviolaciones\u00bb a los derechos humanos despu\u00e9s de 36 a\u00f1os del llamado Caracazo, una \u00abexplosi\u00f3n social\u00bb que -dijo- dej\u00f3 \u00abcentenares de muertos, decenas de heridos y v\u00edctimas de la represi\u00f3n del Estado venezolano\u00bb.<\/p>\n\n\n\n<p>\u00abA 36 a\u00f1os contin\u00faa el terror de violaciones a los derechos humanos en Venezuela. Impunidad del pasado y del presente\u00bb, manifest\u00f3 Provea a trav\u00e9s de su cuenta de X.<\/p>\n\n\n\n<p>Por su parte, el dos veces candidato a la Presidencia de Venezuela Henrique Capriles afirm\u00f3 que \u00ablas condiciones de vida del venezolano en 2025 son peores que en 1989\u00bb, cuando ocurri\u00f3 el Caracazo.<\/p>\n\n\n\n<p>\u00abPeores en lo econ\u00f3mico, en lo social y en lo pol\u00edtico. El sue\u00f1o de un pa\u00eds mejor para todos sigue estando en el coraz\u00f3n de los que aqu\u00ed estamos y de los que tuvieron que partir a otras tierras en b\u00fasqueda de oportunidades\u00bb, public\u00f3 Capriles en su cuenta de X.<\/p>\n\n\n\n<p>El Caracazo fue una revuelta popular, surgida el 27 de febrero de 1989, que comenz\u00f3 en la ciudad de Guarenas, en el estado Miranda (norte), y se extendi\u00f3 hacia las barriadas pobres de Caracas.<\/p>\n\n\n\n<p>Las protestas surgieron en rechazo a las alzas de precios, entre ellas de la gasolina, y tarifas exigidas por el Fondo Monetario Internacional (FMI) en un acuerdo con el Gobierno del entonces presidente Carlos Andr\u00e9s P\u00e9rez.<\/p>\n\n\n\n<p>La jornada de disturbios y saqueos fue sofocada a tiros por militares y polic\u00edas que dejaron un n\u00famero a\u00fan no determinado de muertos y que van de 300 a 3.000, seg\u00fan fuentes oficiales de entonces y de ahora.<br><strong><em>ET \/ EFE<\/em><\/strong><\/p>\n\n\n\n<p><\/p>\n","protected":false},"excerpt":{"rendered":"<p>ENTRE TORMENTAS. La ONG Provea afirm\u00f3 este jueves que en Venezuela contin\u00faan las \u00abviolaciones\u00bb a&#8230;<\/p>\n","protected":false},"author":2,"featured_media":13697,"comment_status":"closed","ping_status":"open","sticky":false,"template":"","format":"standard","meta":{"footnotes":""},"categories":[56,49],"tags":[],"class_list":["post-13696","post","type-post","status-publish","format-standard","has-post-thumbnail","hentry","category-destacadas","category-nacionales"],"_links":{"self":[{"href":"https:\/\/entretormentas.com\/index.php?rest_route=\/wp\/v2\/posts\/13696","targetHints":{"allow":["GET"]}}],"collection":[{"href":"https:\/\/entretormentas.com\/index.php?rest_route=\/wp\/v2\/posts"}],"about":[{"href":"https:\/\/entretormentas.com\/index.php?rest_route=\/wp\/v2\/types\/post"}],"author":[{"embeddable":true,"href":"https:\/\/entretormentas.com\/index.php?rest_route=\/wp\/v2\/users\/2"}],"replies":[{"embeddable":true,"href":"https:\/\/entretormentas.com\/index.php?rest_route=%2Fwp%2Fv2%2Fcomments&post=13696"}],"version-history":[{"count":1,"href":"https:\/\/entretormentas.com\/index.php?rest_route=\/wp\/v2\/posts\/13696\/revisions"}],"predecessor-version":[{"id":13698,"href":"https:\/\/entretormentas.com\/index.php?rest_route=\/wp\/v2\/posts\/13696\/revisions\/13698"}],"wp:featuredmedia":[{"embeddable":true,"href":"https:\/\/entretormentas.com\/index.php?rest_route=\/wp\/v2\/media\/13697"}],"wp:attachment":[{"href":"https:\/\/entretormentas.com\/index.php?rest_route=%2Fwp%2Fv2%2Fmedia&parent=13696"}],"wp:term":[{"taxonomy":"category","embeddable":true,"href":"https:\/\/entretormentas.com\/index.php?rest_route=%2Fwp%2Fv2%2Fcategories&post=13696"},{"taxonomy":"post_tag","embeddable":true,"href":"https:\/\/entretormentas.com\/index.php?rest_route=%2Fwp%2Fv2%2Ftags&post=13696"}],"curies":[{"name":"wp","href":"https:\/\/api.w.org\/{rel}","templated":true}]}}