{"id":13699,"date":"2025-03-01T12:12:37","date_gmt":"2025-03-01T11:12:37","guid":{"rendered":"https:\/\/entretormentas.com\/?p=13699"},"modified":"2025-03-01T12:12:38","modified_gmt":"2025-03-01T11:12:38","slug":"tras-crisis-de-broncoespasmo-el-papa-sufre-un-repentino-empeoramiento-respiratorio","status":"publish","type":"post","link":"https:\/\/entretormentas.com\/tras-crisis-de-broncoespasmo-el-papa-sufre-un-repentino-empeoramiento-respiratorio\/","title":{"rendered":"\u00a1TRAS CRISIS DE BRONCOESPASMO! El Papa sufre un \u00abrepentino\u00bb empeoramiento respiratorio"},"content":{"rendered":"\n<p><strong>ENTRE TORMENTAS. <\/strong>El papa Francisco sufri\u00f3 este viernes una crisis \u00abaislada\u00bb de broncoespasmo y un \u00abrepentino\u00bb empeoramiento de su cuadro respiratorio de Roma, aunque ha respondido \u00abbien\u00bb a la terapia, inform\u00f3 la Santa Sede.<\/p>\n\n\n\n<p>\u00abEl Santo Padre en la tarde de hoy, tras una ma\u00f1ana haciendo fisioterapia respiratoria y en oraci\u00f3n en la capilla, ha presentado una crisis aislada de broncoespasmo que ha determinado un episodio de v\u00f3mito con inhalaci\u00f3n y un repentino empeoramiento del cuadro respiratorio\u00bb, se lee en el bolet\u00edn diario vaticano.<\/p>\n\n\n\n<p>Los m\u00e9dicos necesitar\u00e1n entre 24 y 48 horas para hacer una valoraci\u00f3n sobre c\u00f3mo le afectar\u00e1 esta crisis de broncoespasmo (repentino estrechamiento del conducto bronquial), seg\u00fan fuentes vaticanas, detalla EFE.<\/p>\n\n\n\n<p>El pont\u00edfice, de 88 a\u00f1os, se encuentra hospitalizado el pasado 14 de febrero por una bronquitis con infecci\u00f3n polimicrobiana a la que se sum\u00f3\u0301 una neumon\u00eda bilateral y, aunque su pron\u00f3stico sigue siendo reservado, ayer se comunic\u00f3 que hab\u00eda dejado atr\u00e1s la fase cr\u00edtica.<\/p>\n\n\n\n<p>Tras la crisis, sus bronquios han sido prontamente aspirados y ha empezado con la ventilaci\u00f3n mec\u00e1nica \u00abnon invasiva\u00bb con una \u00abbuena\u00bb respuesta a los intercambios gaseosos, es decir, la capacidad de los pulmones de aspirar ox\u00edgeno y devolverlo al organismo.<\/p>\n\n\n\n<p>Francisco no obstante ha estado \u00absiempre l\u00facido y orientado\u00bb y \u00abcolaborando con las maniobras terap\u00e9uticas\u00bb.<\/p>\n\n\n\n<p>El pron\u00f3stico seguir\u00e1 \u00abreservado\u00bb. Esta ma\u00f1ana, en su d\u00e9cimo quinto d\u00eda hospitalizado, el papa ha recibido la Eucarist\u00eda.<br><strong><em>ET \/ Agencias<\/em><\/strong><\/p>\n","protected":false},"excerpt":{"rendered":"<p>ENTRE TORMENTAS. El papa Francisco sufri\u00f3 este viernes una crisis \u00abaislada\u00bb de broncoespasmo y un&#8230;<\/p>\n","protected":false},"author":2,"featured_media":13700,"comment_status":"closed","ping_status":"open","sticky":false,"template":"","format":"standard","meta":{"footnotes":""},"categories":[56,48],"tags":[],"class_list":["post-13699","post","type-post","status-publish","format-standard","has-post-thumbnail","hentry","category-destacadas","category-internacionales"],"_links":{"self":[{"href":"https:\/\/entretormentas.com\/index.php?rest_route=\/wp\/v2\/posts\/13699","targetHints":{"allow":["GET"]}}],"collection":[{"href":"https:\/\/entretormentas.com\/index.php?rest_route=\/wp\/v2\/posts"}],"about":[{"href":"https:\/\/entretormentas.com\/index.php?rest_route=\/wp\/v2\/types\/post"}],"author":[{"embeddable":true,"href":"https:\/\/entretormentas.com\/index.php?rest_route=\/wp\/v2\/users\/2"}],"replies":[{"embeddable":true,"href":"https:\/\/entretormentas.com\/index.php?rest_route=%2Fwp%2Fv2%2Fcomments&post=13699"}],"version-history":[{"count":1,"href":"https:\/\/entretormentas.com\/index.php?rest_route=\/wp\/v2\/posts\/13699\/revisions"}],"predecessor-version":[{"id":13701,"href":"https:\/\/entretormentas.com\/index.php?rest_route=\/wp\/v2\/posts\/13699\/revisions\/13701"}],"wp:featuredmedia":[{"embeddable":true,"href":"https:\/\/entretormentas.com\/index.php?rest_route=\/wp\/v2\/media\/13700"}],"wp:attachment":[{"href":"https:\/\/entretormentas.com\/index.php?rest_route=%2Fwp%2Fv2%2Fmedia&parent=13699"}],"wp:term":[{"taxonomy":"category","embeddable":true,"href":"https:\/\/entretormentas.com\/index.php?rest_route=%2Fwp%2Fv2%2Fcategories&post=13699"},{"taxonomy":"post_tag","embeddable":true,"href":"https:\/\/entretormentas.com\/index.php?rest_route=%2Fwp%2Fv2%2Ftags&post=13699"}],"curies":[{"name":"wp","href":"https:\/\/api.w.org\/{rel}","templated":true}]}}