{"id":13710,"date":"2025-03-04T13:19:52","date_gmt":"2025-03-04T12:19:52","guid":{"rendered":"https:\/\/entretormentas.com\/?p=13710"},"modified":"2025-03-04T13:19:53","modified_gmt":"2025-03-04T12:19:53","slug":"a-las-familias-zulianas-mara-abre-sus-puertas-para-disfrutar-de-su-carnaval-2025","status":"publish","type":"post","link":"https:\/\/entretormentas.com\/a-las-familias-zulianas-mara-abre-sus-puertas-para-disfrutar-de-su-carnaval-2025\/","title":{"rendered":"\u00a1A LAS FAMILIAS ZULIANAS! Mara abre sus puertas para disfrutar de su Carnaval 2025"},"content":{"rendered":"\n<p><strong>ENTRE TORMENTAS.<\/strong> El alcalde del municipio Mara, Luis Caldera, siempre presente con su pueblo y visiblemente emocionado en el inicio de las celebraciones carnestolendas, resalt\u00f3 la importancia de este grato evento: \u201cEl pueblo de Mara, ubicado en el coraz\u00f3n de la subregi\u00f3n Guajira, desborda sus calles con alegr\u00eda, emoci\u00f3n, y colorido en el inicio de los Carnavales 2025\u201d.<\/p>\n\n\n\n<p>Dijo, la tarde del 28 de febrero, que ha sido un desfile con gran presencia de cultores, cultoras, ni\u00f1os, ni\u00f1as, adolescentes, adultos mayores, en m\u00e1s de 30 comparsas y carrozas.<\/p>\n\n\n\n<p>\u00abEl talento comunitario y las artes esc\u00e9nicas han confluido en esta avenida principal de La Sierrita; m\u00e1s de 10 mil personas disfrutando con seguridad, pero sobre todo con entusiasmo este asueto de Carnaval\u201d, manifest\u00f3.<\/p>\n\n\n\n<p>El alcalde destac\u00f3 que estos \u201cson Carnavales educativos, que incorporan la interculturalidad\u201d, como se ha planificado junto al Gobierno bolivariano del presidente Nicol\u00e1s Maduro Moros, todos los ministros, el Centro de Desarrollo para la Calidad Educativa y la Alcald\u00eda de Mara.<\/p>\n\n\n\n<p>Este s\u00e1bado 1 de marzo contin\u00faa la hermosa y colorida fiesta en la avenida 2 de la parroquia San Rafael de El Moj\u00e1n, capital del municipio Mara.<\/p>\n\n\n\n<p>La celebraci\u00f3n se extender\u00e1 los siguientes d\u00edas a las parroquias Luis de Vicente, Monse\u00f1or Marco Sergio Godoy, Las Parcelas, Tamare y Ricaurte, para el disfrute de todos los habitantes.<\/p>\n\n\n\n<p>En el municipio \u201chay una gran motivaci\u00f3n. Hemos tenido que celebrarlo por parroquias para garantizar que todos puedan disfrutar de este espect\u00e1culo, que es gratuito, que es para toda la familia y orientado en la pol\u00edtica del Gobierno bolivariano del Buen Vivir\u201d, manifest\u00f3 el alcalde Luis Caldera.<\/p>\n\n\n\n<figure class=\"wp-block-image size-full\"><img fetchpriority=\"high\" decoding=\"async\" width=\"768\" height=\"432\" src=\"https:\/\/entretormentas.com\/wp-content\/uploads\/2025\/03\/image-23.png\" alt=\"\" class=\"wp-image-13712\" srcset=\"https:\/\/entretormentas.com\/wp-content\/uploads\/2025\/03\/image-23.png 768w, https:\/\/entretormentas.com\/wp-content\/uploads\/2025\/03\/image-23-300x169.png 300w\" sizes=\"(max-width: 768px) 100vw, 768px\" \/><\/figure>\n\n\n\n<p>La presencia de Camerino Company y otras sorpresas musicales garantizan que estas fiestas de Carnaval sean memorables.<\/p>\n\n\n\n<p>Luis Caldera destac\u00f3 tambi\u00e9n: \u201cNos sentimos complacidos porque desde esta subregi\u00f3n Guajira para todo el Zulia y para Venezuela, se vive la fiesta del Carnaval\u00bb.<\/p>\n\n\n\n<p>\u201cNi\u00f1os, ni\u00f1as, adolescentes, adultos mayores, con estas comparsas representan la cultura venezolana, colombiana, paname\u00f1a, latinoamericana, para el disfrute en todos los espacios para la recreaci\u00f3n, la cultura y para el Buen Vivir\u201d, indic\u00f3.<\/p>\n\n\n\n<p>Record\u00f3 que \u201clo m\u00e1s importante es que estas actividades dan derecho a todos los que deciden salir a las playas, a los centros tur\u00edsticos, pero los que quieren quedarse vienen a Mara en familia, con sus hijos, con sus abuelos, porque est\u00e1 garantizada la seguridad. Contamos con un dispositivo especial de seguridad, en el que est\u00e1n la Guardia Nacional Bolivariana, Polimara, Protecci\u00f3n Civil, Bomberos, en cumplimiento a las instrucciones del presidente Nicol\u00e1s Maduro y del ministro de Interior, Justicia y Paz, capit\u00e1n Diosdado Cabello\u201d.<\/p>\n\n\n\n<p>Celebr\u00f3 el alcalde la participaci\u00f3n de m\u00e1s de 22 consejos comunales, de los educadores, las educadoras, los cultores\u2026 \u201ctodos estamos en la calle para garantizar el derecho a la recreaci\u00f3n, a la cultura con entusiasmo, en una Venezuela que vibra y en un municipio Mara que abre las puertas para todo el Zulia en este Carnaval 2025\u201d.<br><strong><em>ET \/ Nota de Prensa<\/em><\/strong><\/p>\n\n\n\n<p><\/p>\n","protected":false},"excerpt":{"rendered":"<p>ENTRE TORMENTAS. El alcalde del municipio Mara, Luis Caldera, siempre presente con su pueblo y&#8230;<\/p>\n","protected":false},"author":2,"featured_media":13711,"comment_status":"closed","ping_status":"open","sticky":false,"template":"","format":"standard","meta":{"footnotes":""},"categories":[1],"tags":[],"class_list":["post-13710","post","type-post","status-publish","format-standard","has-post-thumbnail","hentry","category-regionales"],"_links":{"self":[{"href":"https:\/\/entretormentas.com\/index.php?rest_route=\/wp\/v2\/posts\/13710","targetHints":{"allow":["GET"]}}],"collection":[{"href":"https:\/\/entretormentas.com\/index.php?rest_route=\/wp\/v2\/posts"}],"about":[{"href":"https:\/\/entretormentas.com\/index.php?rest_route=\/wp\/v2\/types\/post"}],"author":[{"embeddable":true,"href":"https:\/\/entretormentas.com\/index.php?rest_route=\/wp\/v2\/users\/2"}],"replies":[{"embeddable":true,"href":"https:\/\/entretormentas.com\/index.php?rest_route=%2Fwp%2Fv2%2Fcomments&post=13710"}],"version-history":[{"count":1,"href":"https:\/\/entretormentas.com\/index.php?rest_route=\/wp\/v2\/posts\/13710\/revisions"}],"predecessor-version":[{"id":13713,"href":"https:\/\/entretormentas.com\/index.php?rest_route=\/wp\/v2\/posts\/13710\/revisions\/13713"}],"wp:featuredmedia":[{"embeddable":true,"href":"https:\/\/entretormentas.com\/index.php?rest_route=\/wp\/v2\/media\/13711"}],"wp:attachment":[{"href":"https:\/\/entretormentas.com\/index.php?rest_route=%2Fwp%2Fv2%2Fmedia&parent=13710"}],"wp:term":[{"taxonomy":"category","embeddable":true,"href":"https:\/\/entretormentas.com\/index.php?rest_route=%2Fwp%2Fv2%2Fcategories&post=13710"},{"taxonomy":"post_tag","embeddable":true,"href":"https:\/\/entretormentas.com\/index.php?rest_route=%2Fwp%2Fv2%2Ftags&post=13710"}],"curies":[{"name":"wp","href":"https:\/\/api.w.org\/{rel}","templated":true}]}}